{"id":989,"date":"2013-04-08T23:47:35","date_gmt":"2013-04-08T21:47:35","guid":{"rendered":"http:\/\/blog.journalismus-und-mehr.com\/?p=989"},"modified":"2017-09-18T20:47:38","modified_gmt":"2017-09-18T18:47:38","slug":"schreiben-uber-verbrechen-wider-vorurteile","status":"publish","type":"post","link":"https:\/\/blog.journalismus-und-mehr.com\/index.php\/archives\/989","title":{"rendered":"Schreiben \u00fcber Verbrechen wider Vorurteile"},"content":{"rendered":"<p>Verbrechen &#8211; das Geschehen vollzieht sich meist in einem kleinen Zeitschlitz, das Leben darum herum ist vielf\u00e4ltig wie bei anderen Zeitgenossen. Trotzdem h\u00e4lt sich das Vorurteil, Angeklagte m\u00fcssten sich von den \u00fcbrigen Menschen doch irgendwie unterscheiden.<\/p>\n<p>Dass dem Staatsanw\u00e4lte nicht nur in Ausnahmef\u00e4llen widersprechen, k\u00f6nnte zur Verunsicherung unserer Trennlinien zwischen &#8220;Gut und B\u00f6se&#8221; beitragen. In der Literatur hat es aktuell wieder ein Autor geschafft, den &#8220;Abgrund als Zwilling des Allt\u00e4glichen&#8221; unverschn\u00f6rkelt auf den Punkt zu bringen. Er hei\u00dft Ferdinand von Schirach und erz\u00e4hlt in seinen Stories \u201eCarl Tohrbergs Weihnachten\u201c von logischen Entgleisungen.<\/p>\n<p>Als Strafverteidiger ist er darin ge\u00fcbt, die mutma\u00dflichen Verfehlungen seiner Mandanten so nachvollziehbar zu machen, dass das Urteil dar\u00fcber m\u00f6glichst milde ausf\u00e4llt. Erfreulich, wie er diese Erfahrung schriftstellerisch in gekonnten Minimalismus umm\u00fcnzt, zu dem folgende Rezension verfasste:<\/p>\n<p>&gt;&gt; Schicksalhafte Ungeheuerlichkeiten nehmen den Leser des B\u00e4ndchens <span style=\"color: #0000ff;\"><strong>\u201eCarl Tohrbergs Weihnachten\u201c<\/strong><\/span> gefangen. Jede Zeile verdichtet die Atmosph\u00e4re und strebt einem Resultat zu, das schlicht das Pr\u00e4dikat \u201epasst\u201c verdient. Zwar erhofft man sich, dass Lebenswege sich an solchen Abgr\u00fcnden vorbeischl\u00e4ngeln, wie sie Ferdinand von Schirach in den drei Kurzgeschichten erz\u00e4hlt, doch man wei\u00df von Anfang an, dass hier unausweichlich etwas aus den Fugen ger\u00e4t. So ist man ersch\u00fcttert und gleichzeitig auch eine Spur erleichtert, wenn &#8230;&lt;&lt;<\/p>\n<p><em>Weiterlesen k\u00f6nnen Sie hier<\/em> &gt; www.literaturkritik.de\/public\/rezension.php?rez_id=17731 &#8211; <span style=\"color: #ff00ff;\"><strong><span style=\"color: #800080;\">Ich w\u00fcnsche viel Vergn\u00fcgen samt Nachdenklichkeit bei der Lekt\u00fcre!<\/span> <\/strong><\/span><\/p>\n","protected":false},"excerpt":{"rendered":"<p>Verbrechen &#8211; das Geschehen vollzieht sich meist in einem kleinen Zeitschlitz, das Leben darum herum ist vielf\u00e4ltig wie bei anderen Zeitgenossen. Trotzdem h\u00e4lt sich das Vorurteil, Angeklagte m\u00fcssten sich von den \u00fcbrigen Menschen doch irgendwie unterscheiden. Dass dem Staatsanw\u00e4lte nicht nur in Ausnahmef\u00e4llen widersprechen, k\u00f6nnte zur Verunsicherung unserer Trennlinien zwischen &#8220;Gut und B\u00f6se&#8221; beitragen. In [&hellip;]<\/p>\n","protected":false},"author":2,"featured_media":0,"comment_status":"open","ping_status":"closed","sticky":false,"template":"","format":"standard","meta":{"_s2mail":"yes","footnotes":""},"categories":[7,8],"tags":[578,577,583,582,579,581,580],"class_list":["post-989","post","type-post","status-publish","format-standard","hentry","category-kultur","category-literatur","tag-carl-tohrbergs-weihnachen","tag-ferdinand-von-schirach","tag-minimalismus","tag-stories","tag-strafverteidiger","tag-verbrechen","tag-vorurteile"],"_links":{"self":[{"href":"https:\/\/blog.journalismus-und-mehr.com\/index.php\/wp-json\/wp\/v2\/posts\/989","targetHints":{"allow":["GET"]}}],"collection":[{"href":"https:\/\/blog.journalismus-und-mehr.com\/index.php\/wp-json\/wp\/v2\/posts"}],"about":[{"href":"https:\/\/blog.journalismus-und-mehr.com\/index.php\/wp-json\/wp\/v2\/types\/post"}],"author":[{"embeddable":true,"href":"https:\/\/blog.journalismus-und-mehr.com\/index.php\/wp-json\/wp\/v2\/users\/2"}],"replies":[{"embeddable":true,"href":"https:\/\/blog.journalismus-und-mehr.com\/index.php\/wp-json\/wp\/v2\/comments?post=989"}],"version-history":[{"count":6,"href":"https:\/\/blog.journalismus-und-mehr.com\/index.php\/wp-json\/wp\/v2\/posts\/989\/revisions"}],"predecessor-version":[{"id":1420,"href":"https:\/\/blog.journalismus-und-mehr.com\/index.php\/wp-json\/wp\/v2\/posts\/989\/revisions\/1420"}],"wp:attachment":[{"href":"https:\/\/blog.journalismus-und-mehr.com\/index.php\/wp-json\/wp\/v2\/media?parent=989"}],"wp:term":[{"taxonomy":"category","embeddable":true,"href":"https:\/\/blog.journalismus-und-mehr.com\/index.php\/wp-json\/wp\/v2\/categories?post=989"},{"taxonomy":"post_tag","embeddable":true,"href":"https:\/\/blog.journalismus-und-mehr.com\/index.php\/wp-json\/wp\/v2\/tags?post=989"}],"curies":[{"name":"wp","href":"https:\/\/api.w.org\/{rel}","templated":true}]}}