{"id":917,"date":"2012-12-02T11:46:44","date_gmt":"2012-12-02T09:46:44","guid":{"rendered":"http:\/\/blog.journalismus-und-mehr.com\/?p=917"},"modified":"2017-09-18T20:47:38","modified_gmt":"2017-09-18T18:47:38","slug":"grenzen-grenzen","status":"publish","type":"post","link":"https:\/\/blog.journalismus-und-mehr.com\/index.php\/archives\/917","title":{"rendered":"Grenzen? Grenzen!"},"content":{"rendered":"<p><span style=\"color: #333399;\"><em>Wenn es mal an der Zeit ist, auf den Beginn des 21. Jahrhunderts zur\u00fcck zu blicken, k\u00f6nnte evtl. diese Episode mit vorweihnachtlichem Glanz in eine Sammlung aufgenommen werden:<\/em><\/span><\/p>\n<p>Als sich alle Welt vernetzte und damit die entferntesten Regionen virtuell einander n\u00e4her r\u00fcckten, spielte Facebook eine Schl\u00fcsselrolle zwischen zwei Menschen. \u00dcber diese Internet-Plattform konnte man Schulfreunde wiederfinden, sich \u00fcber Interessen und Hobbys austauschen oder aber flirten. Hier tummelte sich ein junger Mann, der eigentlich nicht mehr richtig daran glaubte, nach allerlei Entt\u00e4uschungen sein Herz noch einmal verschenken zu k\u00f6nnen. Doch zu seiner gro\u00dfen \u00dcberraschung erwischte es ihn im Sommer 2012 mit der Freundin seiner Chat-Partnerin. Nach einem ersten Kennenlernen wollte er sie bald heiraten und ihre kleine Tochter adoptieren. Danach sollen beide von Georgien nach Deutschland \u00fcbersiedeln. \u201eDer jetzt eingeschlagene Weg wird steinig und hart, <strong>aber die Liebe kann alles erreichen<\/strong>\u201c, sagte der Mann mit Schmetterlingen im Bauch und freute sich, dass der Weg frei war f\u00fcr ein gemeinsames Weihnachten dank des Visums, das seine Angebetete erhielt.<\/p>\n<p><span style=\"color: #ff00ff;\">So schlug die Liebe zwischen Europa und Asien eine Br\u00fccke \u2026<\/span><\/p>\n<p><strong>Dr. med. Unbekannt<\/strong><\/p>\n<p>Obwohl man sich zu Beginn des 21. Jahrhunderts also grenzenlos verlieben kann, markiert die die B\u00fcrokratie mancherorts immer noch krasse Grenzen. Die Beispiel-Geschichte geht so: Kommt eine Patientin in die Notfall-Praxis des Esslinger Krankenhauses. Es ist Samstag, ihr kann schnell geholfen werden, doch an der Rezeption stockt \u201eihr Fall\u201c. Wer sollte den Notfall-Vertretungsschein bekommen? \u201eAh, Ihr Hausarzt ist gar nicht im Kreis Esslingen niedergelassen? Dann nimmt unser Computer seinen Namen nicht an. Deshalb m\u00fcssen Sie ihm den Schein selbst vorbeibringen \u2026\u201c Seltsames Gef\u00fchl, dass dein PC-Programm so enge Grenzen akzeptiert. Aber wie sagt nicht ein altes Sprichwort: \u201eWie der Herr, so dass G\u2019scherr\u201c? Jedenfalls stand auf dem Schein unter \u201eweiterbehandelnder Arzt\u201c &gt; <span style=\"color: #ff00ff;\"><em>Dr. med. Unbekannt. <\/em><\/span><\/p>\n<p><strong>Stones for ever<\/strong><\/p>\n<p>Grenzwertig sind sicherlich 500 Euro Eintrittsgeld f\u00fcr ein Konzert, dessen Karten dann trotzdem <strong>in sieben (7 !!!) Minuten ausverkauft<\/strong> sind. Geschehen in London, als die Rolling Stones ihr 50-j\u00e4hrige Jubil\u00e4um mit finanziell gut gestellten bzw. zahlungswilligen Fans feierten. &#8220;Es ist erstaunlich, dass wir das noch immer machen, und es ist erstaunlich, dass ihr immer noch unsere Platten kauft und zu unseren Shows kommt&#8221;, zititert die WELT Mick Jagger, der sich f\u00fcr die Treue seines Publikum bedankte. Er ist jetzt 69 Jahre alt, und Kollegen in der Rock-Welt sind laut den Zeitungsbericht gespannt, wann er sich mit seinen Jungs, die ja auch nicht j\u00fcnger werden, in \u201eruhigere Gew\u00e4sser\u201c zur\u00fcckzieht.<\/p>\n<p>Quelle: 26.11.2012 &gt; www.welt.de\/aktuell\/article111497776\/Die-Rolling-Stones-sind-immer-noch-da.html<\/p>\n<h4><span style=\"color: #ff00ff;\">Aber <strong><em>\u201eSatisfaction\u201c<\/em><\/strong> kann man doch nie genug haben, oder?<\/span><\/h4>\n","protected":false},"excerpt":{"rendered":"<p>Wenn es mal an der Zeit ist, auf den Beginn des 21. Jahrhunderts zur\u00fcck zu blicken, k\u00f6nnte evtl. diese Episode mit vorweihnachtlichem Glanz in eine Sammlung aufgenommen werden: Als sich alle Welt vernetzte und damit die entferntesten Regionen virtuell einander n\u00e4her r\u00fcckten, spielte Facebook eine Schl\u00fcsselrolle zwischen zwei Menschen. \u00dcber diese Internet-Plattform konnte man Schulfreunde [&hellip;]<\/p>\n","protected":false},"author":2,"featured_media":0,"comment_status":"open","ping_status":"closed","sticky":false,"template":"","format":"standard","meta":{"_s2mail":"yes","footnotes":""},"categories":[6,7,9],"tags":[538,186,540,543,537,536,541,542,381,539],"class_list":["post-917","post","type-post","status-publish","format-standard","hentry","category-alltag","category-kultur","category-sonstiges","tag-burokratie","tag-facebook","tag-georgien","tag-grenzen","tag-krankenhaus","tag-liebe","tag-mick-jagger","tag-rock","tag-rolling-stones","tag-visum"],"_links":{"self":[{"href":"https:\/\/blog.journalismus-und-mehr.com\/index.php\/wp-json\/wp\/v2\/posts\/917","targetHints":{"allow":["GET"]}}],"collection":[{"href":"https:\/\/blog.journalismus-und-mehr.com\/index.php\/wp-json\/wp\/v2\/posts"}],"about":[{"href":"https:\/\/blog.journalismus-und-mehr.com\/index.php\/wp-json\/wp\/v2\/types\/post"}],"author":[{"embeddable":true,"href":"https:\/\/blog.journalismus-und-mehr.com\/index.php\/wp-json\/wp\/v2\/users\/2"}],"replies":[{"embeddable":true,"href":"https:\/\/blog.journalismus-und-mehr.com\/index.php\/wp-json\/wp\/v2\/comments?post=917"}],"version-history":[{"count":6,"href":"https:\/\/blog.journalismus-und-mehr.com\/index.php\/wp-json\/wp\/v2\/posts\/917\/revisions"}],"predecessor-version":[{"id":1423,"href":"https:\/\/blog.journalismus-und-mehr.com\/index.php\/wp-json\/wp\/v2\/posts\/917\/revisions\/1423"}],"wp:attachment":[{"href":"https:\/\/blog.journalismus-und-mehr.com\/index.php\/wp-json\/wp\/v2\/media?parent=917"}],"wp:term":[{"taxonomy":"category","embeddable":true,"href":"https:\/\/blog.journalismus-und-mehr.com\/index.php\/wp-json\/wp\/v2\/categories?post=917"},{"taxonomy":"post_tag","embeddable":true,"href":"https:\/\/blog.journalismus-und-mehr.com\/index.php\/wp-json\/wp\/v2\/tags?post=917"}],"curies":[{"name":"wp","href":"https:\/\/api.w.org\/{rel}","templated":true}]}}