{"id":887,"date":"2012-08-24T12:56:48","date_gmt":"2012-08-24T10:56:48","guid":{"rendered":"http:\/\/blog.journalismus-und-mehr.com\/?p=887"},"modified":"2017-09-18T20:47:38","modified_gmt":"2017-09-18T18:47:38","slug":"nicht-um-schreib-zeit-feilschen","status":"publish","type":"post","link":"https:\/\/blog.journalismus-und-mehr.com\/index.php\/archives\/887","title":{"rendered":"Nicht um Schreib-Zeit feilschen!"},"content":{"rendered":"<p><span style=\"color: #0000ff;\"><em>Schreiben \u2013 gibt es einen richtigen Zeitpunkt daf\u00fcr?<\/em><\/span> In jedem Seminar geloben die Teilnehmenden, sich k\u00fcnftig <span style=\"text-decoration: underline;\">zielgerichteter<\/span> mit ihren geplanten Geschichten zu besch\u00e4ftigen, zweifeln aber gleichzeitig daran, sich die n\u00f6tige Zeit daf\u00fcr freischaufeln zu k\u00f6nnen. Streng genommen riecht das nach Disziplin, zu der man sich \u00fcberwinden muss. Wie bei jenen, die eigentlich jeden Tag einen Spaziergang oder Waldlauf machen sollten, aber die Kurve nicht kriegen, obwohl sie Naturliebhaber sind und fr\u00fcher bei Wind und Wetter \u2026<\/p>\n<p>Lassen wir das! Sonst k\u00f6nnte man auch spekulieren, ob diese verhinderten AutorInnen wohl zu jener Spezies Mensch geh\u00f6ren, die sich das Beste immer f\u00fcr zuletzt aufheben. Wie zum Beispiel Tim, der erst Nudeln und Gem\u00fcse a\u00df, bevor er sich sein Bratenst\u00fcck einverleiben wollte. Weil er es aber an den Tellerrand geschoben hatte, um mit den Nudeln die So\u00dfe besser aufnehmen zu k\u00f6nnen, stie\u00df pl\u00f6tzlich die Gabel seiner Schwester nach dem Fleisch. Die Schwester kurz und spitz: \u201eDu magst das wohl nicht. In meinem Magen ist noch Platz daf\u00fcr.\u201c<\/p>\n<p>Drastischer ist das Gleichnis von dem Seidenschal, den der Mann seiner Frau anlegt. Nie hatte sie ihn getragen, immer war die Gelegenheit nicht gut genug. So, wie sich die Geschichte entbl\u00e4ttert, liegt ein feierlicher Ton in der Luft, der nichts Gutes verhei\u00dft. Und wirklich: wir erfahren, die Frau ist gestorben, der Schal soll sie auf ihrer letzten Reise begleiten. Wer w\u00fcrde in diesem Fall von <span style=\"color: #0000ff;\">\u201eAufschieberitis\u201c<\/span> sprechen? Dieser Begriff trifft zu, wenn sich schmutziges Geschirr t\u00fcrmt und t\u00fcrmt, das Abspielen jedoch stets \u201eauf morgen\u201c verschoben wird. <span style=\"color: #0000ff;\">Etwas \u201eaufzuheben\u201c kann also auch mit Ehrfurcht, mit \u00dcberh\u00f6hung und mit Verl\u00e4ngerung der Vorfreude zu tun haben.<\/span><\/p>\n<p>Schreiben \u2013 gibt es einen richtigen Zeitpunkt daf\u00fcr? Ja, immer! Diese kurze Antwort ist sicher genauso falsch wie die ewige Nischen-Suche \u201ewann passt\u2019s nun wirklich?\u201c. Der richtige Umgang mit sich selbst steckt in dem Vertagen der Schreiblaune genau so wie das richtige Priorit\u00e4ten-Setzen. Beides ist Thema unz\u00e4hliger Management-B\u00fccher. Meine Empfehlung: Nehmen Sie Ihre Neigung ernst! Wenn Sie Bierdeckel oder Gartenzwerge sammeln, tun Sie das auch! Haben Sie schon mal von einem Handarbeitsgenie geh\u00f6rt, das schon ewig einen Pullover stricken will, aber den Anfang nicht wagt, weil das Risiko, anderen Besch\u00e4ftigungen zu erliegen, zu hoch ist? Oder der Angler, nach dem sich sogar der famili\u00e4re Speiseplan richtet: \u00a0er stellt sich den Wecker und geht an den Fluss, wenn er Lust auf einen Fang und das dazugeh\u00f6rige Gef\u00fchl hat.<\/p>\n<p><em><span style=\"color: #0000ff;\">Das Managen des Schreibens ist eines der Themen von Richard Norden, Schriftsteller, dem er sich unter www.WritersWorkshop.de widmet.<\/span><\/em> Er nennt dies \u201eEin Platz f\u00fcr Ihre Kreativit\u00e4t\u201c. Interessierte k\u00f6nnen monatlich den Newsletter E-Zine lesen. <span style=\"color: #ff00ff;\"><strong>J\u00fcngst erschien das E-Book \u201eZeit zum Schreiben\u201c (8,90 \u20ac).<\/strong><\/span> Wenn auch seine MEHRZEIT-Methode etwas bem\u00fcht wirkt, so kann man doch insgesamt von der Aufarbeitung des Themas profitieren.<\/p>\n<p>Wie gesagt: Unabdingbare Voraussetzung ist, das eigene Schreib-Talent ernst zu nehmen und das Kreativ-Sein von Sockel der Unerreichbarkeit zu holen. Dann wird auch die Gewissenserforschung nicht l\u00e4stig: Was darf in meinem Alltag nicht zu kurz kommen und was ist ein Zeitfresser. <em><\/em><\/p>\n<p><em><\/em>Wie schnell Sie allerdings bereit sind zum Abschied von der vagen Idee \u201ewas w\u00e4re wenn\u201c, m\u00fcssen Sie selbst bestimmen. Zur Unterst\u00fctzung kommen immer wieder Schreib-Ratgeber auf den Markt. Der aktuelle von R. Norden hilft, Schreibenwollen nicht l\u00e4nger als \u201everbotenes Vergn\u00fcgen\u201c hintanzustellen, sondern als normale Aufgabe anzugehen als w\u00e4re es der Bau eines Hauses, der Beginn einer Karriere oder der Start einer Reise. Zur Buchseite <a href=\"http:\/\/zeit-zum-schreiben.writersworkshop.de\/\" target=\"_blank\">http:\/\/zeit-zum-schreiben.<wbr>writersworkshop.de<\/wbr><\/a> <em>Man erh\u00e4lt das Buch als PDF, ePub und Mobi (Kindle). Damit kann man es am PC oder auf jedem beliebigen eBook-Reader oder Tablet-PC lesen.<\/em><\/p>\n<p><a href=\"http:\/\/blog.journalismus-und-mehr.com\/wp-content\/uploads\/2012\/08\/09ma\u00dfbandmalerischauflupeududen.jpg\"><img loading=\"lazy\" decoding=\"async\" class=\"aligncenter size-medium wp-image-888\" title=\"PENTAX Image\" src=\"http:\/\/blog.journalismus-und-mehr.com\/wp-content\/uploads\/2012\/08\/09ma\u00dfbandmalerischauflupeududen-300x254.jpg\" alt=\"\" width=\"300\" height=\"254\" srcset=\"https:\/\/blog.journalismus-und-mehr.com\/wp-content\/uploads\/2012\/08\/09ma\u00dfbandmalerischauflupeududen-300x254.jpg 300w, https:\/\/blog.journalismus-und-mehr.com\/wp-content\/uploads\/2012\/08\/09ma\u00dfbandmalerischauflupeududen.jpg 796w\" sizes=\"auto, (max-width: 300px) 100vw, 300px\" \/><\/a><\/p>\n<p><em>In eigener Sache:<\/em> B\u00fccher rund ums Schreiben stelle ich in diesem Blog immer wieder vor. Weiter helfen aber auch Workshops oder Einzelcoaching. Meine n\u00e4chsten Kurse finden Sie hier &gt; http:\/\/url9.de\/oYU. Infos \u00fcber Schreibcoaching gibt&#8217;s hier &gt; http:\/\/www.ccyd.de\/schauer\/memo\/link02.php<\/p>\n","protected":false},"excerpt":{"rendered":"<p>Schreiben \u2013 gibt es einen richtigen Zeitpunkt daf\u00fcr? In jedem Seminar geloben die Teilnehmenden, sich k\u00fcnftig zielgerichteter mit ihren geplanten Geschichten zu besch\u00e4ftigen, zweifeln aber gleichzeitig daran, sich die n\u00f6tige Zeit daf\u00fcr freischaufeln zu k\u00f6nnen. Streng genommen riecht das nach Disziplin, zu der man sich \u00fcberwinden muss. Wie bei jenen, die eigentlich jeden Tag einen [&hellip;]<\/p>\n","protected":false},"author":2,"featured_media":0,"comment_status":"open","ping_status":"closed","sticky":false,"template":"","format":"standard","meta":{"_s2mail":"yes","footnotes":""},"categories":[6,7],"tags":[510,509,505,507,513,515,506,508,511,516,514,275,512],"class_list":["post-887","post","type-post","status-publish","format-standard","hentry","category-alltag","category-kultur","tag-aufschieberitis","tag-ehrfurcht","tag-kreativitat","tag-richard-norden","tag-schreibcoaching","tag-seminare","tag-sockel","tag-talent","tag-vergnugen","tag-vorfreude-verlangern","tag-workshops","tag-zeit","tag-zeitfresser"],"_links":{"self":[{"href":"https:\/\/blog.journalismus-und-mehr.com\/index.php\/wp-json\/wp\/v2\/posts\/887","targetHints":{"allow":["GET"]}}],"collection":[{"href":"https:\/\/blog.journalismus-und-mehr.com\/index.php\/wp-json\/wp\/v2\/posts"}],"about":[{"href":"https:\/\/blog.journalismus-und-mehr.com\/index.php\/wp-json\/wp\/v2\/types\/post"}],"author":[{"embeddable":true,"href":"https:\/\/blog.journalismus-und-mehr.com\/index.php\/wp-json\/wp\/v2\/users\/2"}],"replies":[{"embeddable":true,"href":"https:\/\/blog.journalismus-und-mehr.com\/index.php\/wp-json\/wp\/v2\/comments?post=887"}],"version-history":[{"count":8,"href":"https:\/\/blog.journalismus-und-mehr.com\/index.php\/wp-json\/wp\/v2\/posts\/887\/revisions"}],"predecessor-version":[{"id":1426,"href":"https:\/\/blog.journalismus-und-mehr.com\/index.php\/wp-json\/wp\/v2\/posts\/887\/revisions\/1426"}],"wp:attachment":[{"href":"https:\/\/blog.journalismus-und-mehr.com\/index.php\/wp-json\/wp\/v2\/media?parent=887"}],"wp:term":[{"taxonomy":"category","embeddable":true,"href":"https:\/\/blog.journalismus-und-mehr.com\/index.php\/wp-json\/wp\/v2\/categories?post=887"},{"taxonomy":"post_tag","embeddable":true,"href":"https:\/\/blog.journalismus-und-mehr.com\/index.php\/wp-json\/wp\/v2\/tags?post=887"}],"curies":[{"name":"wp","href":"https:\/\/api.w.org\/{rel}","templated":true}]}}