{"id":793,"date":"2012-03-16T11:27:44","date_gmt":"2012-03-16T09:27:44","guid":{"rendered":"http:\/\/blog.journalismus-und-mehr.com\/?p=793"},"modified":"2017-09-18T20:47:39","modified_gmt":"2017-09-18T18:47:39","slug":"journalistische-bluten-schmunzeln-erlaubt","status":"publish","type":"post","link":"https:\/\/blog.journalismus-und-mehr.com\/index.php\/archives\/793","title":{"rendered":"Journalistische Bl\u00fcten &#8211; schmunzeln erlaubt"},"content":{"rendered":"<p>Bl\u00fcten im Journalismus ergeben sich oft aus Zeitdruck, der immer auch ein finanzieller Druck ist, denn der eigene Verlag\/Sender muss mit seiner Berichterstattung der Konkurrenz zuvorkommen, ihr die Kundschaft abjagen. So ist es nicht verwunderlich, wenn gewissenhafte Recherche zu kurz kommt oder um der \u201eunschlagbaren Story\u201c willen bewusst vernachl\u00e4ssigt wird. In Ordnung ist das nicht, denn es bringt die Branche ins Zwielicht. Doch das Sprichwort \u201eDie Sonne bringt alles an den Tag\u201c siegt in der Regel fr\u00fcher oder sp\u00e4ter. J\u00fcngst bei einem Rauchalarm, der als Feuerdrama inszeniert wurde, vergn\u00fcglich nachzulesen hier > http:\/\/bit.ly\/AycsnN<\/p>\n<p>Das erinnerte mich an das \u201eDeb\u00fct am M\u00fchlenfeuer\u201c von Egon Erwin Kisch (1895 \u2013 1948), bekannt geworden als \u201erasender Reporter\u201c. Er gilt als Erfinder der literarischen Reportage, an der Lekt\u00fcre seines Werks kommt praktisch kein lernwilliger Journalist vorbei. Sein Bericht \u00fcber das M\u00fchlenfeuer h\u00e4tte alle gelangweilt, weil die Fakten nur das \u00dcbliche hergaben, h\u00e4tte er nicht einige Gestalten in dem Text auftreten lassen, die das Ereignis erst interessant machten. Daf\u00fcr bekam er Lob, doch wie er in seinem \u201eMarktplatz der Sensationen\u201c (als Lekt\u00fcre sehr zu empfehlen!) schreibt, spornte ihn dieses Erlebnis an, sp\u00e4ter der Wahrheit umso intensiver nachzusp\u00fcren. Dank Kisch\u2019 Gest\u00e4ndnis \u00fcber das Fantasieprodukt in der Brandnacht wei\u00df man, dass es keine schlechten JournalistInnen sein m\u00fcssen, die (gelegentlich) in Konflikt mit ihrer Doppelbegabung \u2013 berichtender Journalist \/ poetischer Schriftsteller \u2013 geraten. Die notorischen SensationsheischerInnen sind damit allerdings nicht gemeint! Mehr zu Kisch im Schattenblick > http:\/\/bit.ly\/yb5g76<br \/>\n   Die Bewunderung f\u00fcr Kisch&#8217; Lebenswerk hat allerdings den Stachel in meiner Brust nicht ausmerzen k\u00f6nnen. Immerzu fragte ich mich bei allem, was ich aus seiner Feder las, ob es bis ins kleinste schl\u00fcssig ist und wo er geflunkert haben <em>k\u00f6nnte<\/em>. Vielleicht ist aber das sein gr\u00f6\u00dftes Verm\u00e4chtnis: immer mit einem Schuss Mi\u00dftrauen zu lesen, was einem vorgesetzt wird!<\/p>\n","protected":false},"excerpt":{"rendered":"<p>Bl\u00fcten im Journalismus ergeben sich oft aus Zeitdruck, der immer auch ein finanzieller Druck ist, denn der eigene Verlag\/Sender muss mit seiner Berichterstattung der Konkurrenz zuvorkommen, ihr die Kundschaft abjagen. So ist es nicht verwunderlich, wenn gewissenhafte Recherche zu kurz kommt oder um der \u201eunschlagbaren Story\u201c willen bewusst vernachl\u00e4ssigt wird. In Ordnung ist das nicht, [&hellip;]<\/p>\n","protected":false},"author":2,"featured_media":0,"comment_status":"open","ping_status":"closed","sticky":false,"template":"","format":"standard","meta":{"_s2mail":"yes","footnotes":""},"categories":[6,7],"tags":[400,399],"class_list":["post-793","post","type-post","status-publish","format-standard","hentry","category-alltag","category-kultur","tag-gewissenhafte-recherche","tag-kisch"],"_links":{"self":[{"href":"https:\/\/blog.journalismus-und-mehr.com\/index.php\/wp-json\/wp\/v2\/posts\/793","targetHints":{"allow":["GET"]}}],"collection":[{"href":"https:\/\/blog.journalismus-und-mehr.com\/index.php\/wp-json\/wp\/v2\/posts"}],"about":[{"href":"https:\/\/blog.journalismus-und-mehr.com\/index.php\/wp-json\/wp\/v2\/types\/post"}],"author":[{"embeddable":true,"href":"https:\/\/blog.journalismus-und-mehr.com\/index.php\/wp-json\/wp\/v2\/users\/2"}],"replies":[{"embeddable":true,"href":"https:\/\/blog.journalismus-und-mehr.com\/index.php\/wp-json\/wp\/v2\/comments?post=793"}],"version-history":[{"count":4,"href":"https:\/\/blog.journalismus-und-mehr.com\/index.php\/wp-json\/wp\/v2\/posts\/793\/revisions"}],"predecessor-version":[{"id":1434,"href":"https:\/\/blog.journalismus-und-mehr.com\/index.php\/wp-json\/wp\/v2\/posts\/793\/revisions\/1434"}],"wp:attachment":[{"href":"https:\/\/blog.journalismus-und-mehr.com\/index.php\/wp-json\/wp\/v2\/media?parent=793"}],"wp:term":[{"taxonomy":"category","embeddable":true,"href":"https:\/\/blog.journalismus-und-mehr.com\/index.php\/wp-json\/wp\/v2\/categories?post=793"},{"taxonomy":"post_tag","embeddable":true,"href":"https:\/\/blog.journalismus-und-mehr.com\/index.php\/wp-json\/wp\/v2\/tags?post=793"}],"curies":[{"name":"wp","href":"https:\/\/api.w.org\/{rel}","templated":true}]}}