{"id":790,"date":"2012-03-05T10:16:59","date_gmt":"2012-03-05T08:16:59","guid":{"rendered":"http:\/\/blog.journalismus-und-mehr.com\/?p=790"},"modified":"2017-09-18T20:47:39","modified_gmt":"2017-09-18T18:47:39","slug":"ehrensold-klarsfeld-wo-bleibt-die-verhaltnismasigkeit","status":"publish","type":"post","link":"https:\/\/blog.journalismus-und-mehr.com\/index.php\/archives\/790","title":{"rendered":"Ehrensold &#038; Klarsfeld &#8211; wo bleibt die Verh\u00e4ltnism\u00e4\u00dfigkeit?"},"content":{"rendered":"<p>Es friert mich, wenn ein Mensch, der einen Bundeskanzler ohrfeigte, als Kandidatin f\u00fcr das h\u00f6chste Amt vorgeschlagen wird. Aber in Zeiten, in denen unsere Steuergelder f\u00fcr einen \u201eEhrensold\u201c zuz\u00fcglich Wichtigkeitsspesen (Dienstwagen mit Chauffeur, Sekret\u00e4rin) verschleudert werden, kann es ja nur zu widersinnigen Ausw\u00fcchsen kommen!<\/p>\n<p>Immer wieder taucht die Gewaltfrage auf. \u00dcber die lohnt es sich zweifellos nachzudenken. M\u00f6ge die Diskussion um die Verh\u00e4ltnism\u00e4\u00dfigkeit nicht abrei\u00dfen! Denn Verh\u00e4ltnism\u00e4\u00dfigkeit ist nichts Statisches; sie erscheint immer wieder in einem anderen Licht.<\/p>\n<p>Hintergr\u00fcnde zu Beate Klarsfeld gibt es hier &gt; http:\/\/bit.ly\/w6pxvU<\/p>\n","protected":false},"excerpt":{"rendered":"<p>Es friert mich, wenn ein Mensch, der einen Bundeskanzler ohrfeigte, als Kandidatin f\u00fcr das h\u00f6chste Amt vorgeschlagen wird. Aber in Zeiten, in denen unsere Steuergelder f\u00fcr einen \u201eEhrensold\u201c zuz\u00fcglich Wichtigkeitsspesen (Dienstwagen mit Chauffeur, Sekret\u00e4rin) verschleudert werden, kann es ja nur zu widersinnigen Ausw\u00fcchsen kommen! Immer wieder taucht die Gewaltfrage auf. \u00dcber die lohnt es sich [&hellip;]<\/p>\n","protected":false},"author":2,"featured_media":0,"comment_status":"open","ping_status":"closed","sticky":false,"template":"","format":"standard","meta":{"_s2mail":"yes","footnotes":""},"categories":[1],"tags":[396,397,398],"class_list":["post-790","post","type-post","status-publish","format-standard","hentry","category-allgemein","tag-beate-klarsfeld","tag-ehrensold","tag-gewalt"],"_links":{"self":[{"href":"https:\/\/blog.journalismus-und-mehr.com\/index.php\/wp-json\/wp\/v2\/posts\/790","targetHints":{"allow":["GET"]}}],"collection":[{"href":"https:\/\/blog.journalismus-und-mehr.com\/index.php\/wp-json\/wp\/v2\/posts"}],"about":[{"href":"https:\/\/blog.journalismus-und-mehr.com\/index.php\/wp-json\/wp\/v2\/types\/post"}],"author":[{"embeddable":true,"href":"https:\/\/blog.journalismus-und-mehr.com\/index.php\/wp-json\/wp\/v2\/users\/2"}],"replies":[{"embeddable":true,"href":"https:\/\/blog.journalismus-und-mehr.com\/index.php\/wp-json\/wp\/v2\/comments?post=790"}],"version-history":[{"count":2,"href":"https:\/\/blog.journalismus-und-mehr.com\/index.php\/wp-json\/wp\/v2\/posts\/790\/revisions"}],"predecessor-version":[{"id":792,"href":"https:\/\/blog.journalismus-und-mehr.com\/index.php\/wp-json\/wp\/v2\/posts\/790\/revisions\/792"}],"wp:attachment":[{"href":"https:\/\/blog.journalismus-und-mehr.com\/index.php\/wp-json\/wp\/v2\/media?parent=790"}],"wp:term":[{"taxonomy":"category","embeddable":true,"href":"https:\/\/blog.journalismus-und-mehr.com\/index.php\/wp-json\/wp\/v2\/categories?post=790"},{"taxonomy":"post_tag","embeddable":true,"href":"https:\/\/blog.journalismus-und-mehr.com\/index.php\/wp-json\/wp\/v2\/tags?post=790"}],"curies":[{"name":"wp","href":"https:\/\/api.w.org\/{rel}","templated":true}]}}