{"id":741,"date":"2011-12-11T02:05:48","date_gmt":"2011-12-11T00:05:48","guid":{"rendered":"http:\/\/blog.journalismus-und-mehr.com\/?p=741"},"modified":"2017-09-18T20:47:40","modified_gmt":"2017-09-18T18:47:40","slug":"krimis-mit-bezug-zu-stuttgart-21","status":"publish","type":"post","link":"https:\/\/blog.journalismus-und-mehr.com\/index.php\/archives\/741","title":{"rendered":"Krimis mit Bezug zu Stuttgart 21"},"content":{"rendered":"<p>Vier B\u00fccher mit Bezug zu Stuttgart 21 stellt diese Sammelrezension vor: <a href=\"http:\/\/www.literaturkritik.de\/public\/rezension.php?rez_id=15145\" target=\"_blank\">http:\/\/www.literaturkritik.de\/public\/rezension.php?rez_id=15&#8230;\u00a0 <\/a>Der Autor Stefan Schweizer findet &#8220;Glasklar. Der neunte Fall f\u00fcr August H\u00e4berle&#8221; von Manfred Bomm (2009, 471 Seiten, 11,90 \u20ac) am \u00fcberzeugendsten.<\/p>\n<p>Dar\u00fcber hinaus lohnt sich &#8220;Die letzte Flucht&#8221; von Wolfgang Schorlau. Er gilt laut <a href=\"http:\/\/www.krimi-forum.de\/\" target=\"_blank\">http:\/\/www.krimi-forum.de<\/a> als &#8220;einer der wichtigsten deutschsprachigen Autoren politischer Kriminalaromane&#8221;, lebt und arbeitet in Stuttgart. Nun hat er den Stuttgarter Privatvermittler Georg Dengler in seinen sechsten Fall geschickt, der Haarstr\u00e4ubendes \u00fcber die Pharmaindustrie enth\u00fcllt.<br \/>\nDas interessante Nachwort vom Juli 2011 informiert uns \u00fcber &#8220;Finden und Erfinden&#8221;. Schorlau gesteht: &#8220;Ich schrieb diesen Roman, um zu verstehen, wie das Gesundheitswesen funktioniert. Nun wei\u00df ich es. Ich stehe immer noch unter Schock.&#8221;<br \/>\nStuttgart 21 wird beil\u00e4ufig, aber eindr\u00fccklich thematisiert, weil Denglers Sohn Jakob dort aktiv ist. Zudem <strong><span style=\"color: #000000;\">widmet<\/span><\/strong> Schorlau das Buch ausdr\u00fccklich &#8220;<span style=\"color: #0000ff;\"><em>den mutigen Stuttgarter Jugendlichen (&#8230;), die sich am 30. September 2010 im Stuttgarter Schlossgarten mit Sitzblockaden gegen die Zerst\u00f6rung ihrer Stadt gewehrt haben<\/em><\/span>.&#8221;<\/p>\n<p>Die unaufgeregte Erz\u00e4hlweise ist f\u00fcr die Spannung und Enth\u00fcllung n\u00fctzlich. Einige Passagen \u00fcber die Bestechungen der Verordner (\u00c4rzte) fand ich zwar zu &#8220;ausgewalzt&#8221;, aber den Spa\u00df am Lesen beeintr\u00e4chtigen sie nicht. Schorlau dreht immer rechtzeitig bei, bevor sich etwas ins Komplizierte verzweigen k\u00f6nnte.<\/p>\n<p>Abschlie\u00dfend sei &#8220;Blutsauger&#8221; empfohlen &#8211; ein Schwabenkrimi ohne Bezug zu Stuttgart 21.\u00a0 Stolze 511 Seiten mutet Autor Manfred Bomm hier der Leserschaft zu. Trotzdem sind die Verwicklungen \u00fcbersichtlich strukturiert, die Spannung ist wohl gesetzt, das Schw\u00e4bische nicht \u00fcbertrieben.<br \/>\nEs geht um Blut, das aus medizinischen Gr\u00fcnden interessant, aber schwer zu beschaffen ist. Folglich h\u00e4ngt da mehr dran als Forschergeist &#8211; es geht um viel Geld. Und weil dieses Forschungsgebiet heikel ist, haben die Beteiligten einiges zu verbergen.<br \/>\nKriminalist Linkohr bekommt es zun\u00e4chst mit zwei Todesf\u00e4llen zu tun, bei denen angeblich keine Fremdeinwirkung feststellbar ist. Doch im Laufe der Ermittlungen &#8211; die sehr zugunsten der Helfenstein Klinik in Geislingen an der Steige skizziert werden &#8211; n\u00e4hren Ungereimtheiten Zweifel, die zu weitreichenden Recherchen f\u00fchren. Klar, dass dann Kommissar H\u00e4berle gerufen wird und seine tragende Rolle (es ist sein elfter Fall) unaufdringlich und am Rande wahr nimmt.<br \/>\n<em>(Gesellschaftskritik bringt der Journalist und Autor Manfred Bomm in all seinen Krimis zuverl\u00e4ssig unter.)<\/em><\/p>\n","protected":false},"excerpt":{"rendered":"<p>Vier B\u00fccher mit Bezug zu Stuttgart 21 stellt diese Sammelrezension vor: http:\/\/www.literaturkritik.de\/public\/rezension.php?rez_id=15&#8230;\u00a0 Der Autor Stefan Schweizer findet &#8220;Glasklar. Der neunte Fall f\u00fcr August H\u00e4berle&#8221; von Manfred Bomm (2009, 471 Seiten, 11,90 \u20ac) am \u00fcberzeugendsten. Dar\u00fcber hinaus lohnt sich &#8220;Die letzte Flucht&#8221; von Wolfgang Schorlau. Er gilt laut http:\/\/www.krimi-forum.de als &#8220;einer der wichtigsten deutschsprachigen Autoren politischer [&hellip;]<\/p>\n","protected":false},"author":2,"featured_media":0,"comment_status":"open","ping_status":"closed","sticky":false,"template":"","format":"standard","meta":{"_s2mail":"yes","footnotes":""},"categories":[1,8],"tags":[365,366,370,368,369,362,364,367,363],"class_list":["post-741","post","type-post","status-publish","format-standard","hentry","category-allgemein","category-literatur","tag-blut","tag-bomm","tag-dengler","tag-flucht","tag-haberle","tag-krimi","tag-pharmaindustrie","tag-schorlau","tag-stuttgart-21"],"_links":{"self":[{"href":"https:\/\/blog.journalismus-und-mehr.com\/index.php\/wp-json\/wp\/v2\/posts\/741","targetHints":{"allow":["GET"]}}],"collection":[{"href":"https:\/\/blog.journalismus-und-mehr.com\/index.php\/wp-json\/wp\/v2\/posts"}],"about":[{"href":"https:\/\/blog.journalismus-und-mehr.com\/index.php\/wp-json\/wp\/v2\/types\/post"}],"author":[{"embeddable":true,"href":"https:\/\/blog.journalismus-und-mehr.com\/index.php\/wp-json\/wp\/v2\/users\/2"}],"replies":[{"embeddable":true,"href":"https:\/\/blog.journalismus-und-mehr.com\/index.php\/wp-json\/wp\/v2\/comments?post=741"}],"version-history":[{"count":3,"href":"https:\/\/blog.journalismus-und-mehr.com\/index.php\/wp-json\/wp\/v2\/posts\/741\/revisions"}],"predecessor-version":[{"id":1438,"href":"https:\/\/blog.journalismus-und-mehr.com\/index.php\/wp-json\/wp\/v2\/posts\/741\/revisions\/1438"}],"wp:attachment":[{"href":"https:\/\/blog.journalismus-und-mehr.com\/index.php\/wp-json\/wp\/v2\/media?parent=741"}],"wp:term":[{"taxonomy":"category","embeddable":true,"href":"https:\/\/blog.journalismus-und-mehr.com\/index.php\/wp-json\/wp\/v2\/categories?post=741"},{"taxonomy":"post_tag","embeddable":true,"href":"https:\/\/blog.journalismus-und-mehr.com\/index.php\/wp-json\/wp\/v2\/tags?post=741"}],"curies":[{"name":"wp","href":"https:\/\/api.w.org\/{rel}","templated":true}]}}