{"id":721,"date":"2011-11-17T08:59:24","date_gmt":"2011-11-17T06:59:24","guid":{"rendered":"http:\/\/blog.journalismus-und-mehr.com\/?p=721"},"modified":"2017-09-18T20:47:40","modified_gmt":"2017-09-18T18:47:40","slug":"pr-leute-von-eigenen-sprechblasen-genervt","status":"publish","type":"post","link":"https:\/\/blog.journalismus-und-mehr.com\/index.php\/archives\/721","title":{"rendered":"PR-Leute von eigenen Sprechblasen genervt"},"content":{"rendered":"<p>Welcher Trend zeichnet sich in der PR-Branche ab? Eine Umfrage dazu provoziert Schlagzeilen. Da wir alle unter dem Einfluss von Werbung und Imagekampagnen stehen, seien hierzu drei Quellen empfohlen.<\/p>\n<p>Aufschlussreich pr\u00e4sentiert www.presseportal.de\/pm\/6344\/2148738\/ das Umfrage-Ergebnis. \u00dcberraschend vielleicht, dass sich die Branche von ihren eigenen Sprechblasen genervt sieht und das auch zugibt. Erfreulich, dass es ihr gut geht (Budget-Zuw\u00e4chse werden erwartet) und sie \u2013 wieder einmal \u2013 dass Storytelling in den Focus r\u00fccken will.<\/p>\n<p>Mit im Vorgrund sieht das Portal media.de, dass sich PR-Leute von \u201edesinteressierten Journalisten\u201c gestresst f\u00fchlen und ihnen die Verteilerpflege l\u00e4stig ist: http:\/\/bit.ly\/rOuuut<\/p>\n<p>Letzeres ist wahrhaft das Schwarzbrot des Berufs, Ersteres DIE Herausforderung schlechthin. Je nachdem, was damit gemeint ist. Landen zu viele Pressemitteilungen ungelesen im Papierkorb? Oder werden einfach Themen, die zwischen den Zeilen versteckt sind, von den Journalisten verschenkt? Mir ist letzteres oft aufgefallen. Nat\u00fcrlich ist es mit der d\u00fcnnen Personaldecke in den Redaktionen zu erkl\u00e4ren. Oder \u2013 was schon \u00e4rgerlicher ist \u2013 mit den Routinen, die nicht unbedingt ein Nachhaken vorsehen, wenn der Absender mit \u201ePR\u201c zu tun hat.<\/p>\n<p>Einen \u201eRealit\u00e4tsverlust der PR-Branche\u201c leitet Sascha Lobo aus dem Umfrage-Ergebnis ab. Er gibt den Sprachsensiblen, kritisiert Sprachverbiegungen und verweist auf den Radikalen Konstruktivismus. Letztlich befremdet er mit dem sagenhaften Gleichnis: \u201eDie PR-Klage \u00fcber \u201adesinteressierte Journalisten\u2019, das ist, als fordere man vom Staat eine Belohnung daf\u00fcr, dass man gestern auf der Autobahn nicht zu schnell gefahren ist.\u201c http:\/\/bit.ly\/w1HZXq<\/p>\n<p>Wer \u00fcber die Zunft der Journalisten weiterlesen m\u00f6chte bzw. \u00fcber einige ihrer herausragenden Vertreter, die negativ aufgefallen sind, kann das in KONTEXT tun &gt;&gt; Medientheater &gt; http:\/\/bit.ly\/sR6vIo (Thema &#8220;Journalistische Unabh\u00e4ngigkeit inbegriffen.)<\/p>\n<p>&nbsp;<\/p>\n","protected":false},"excerpt":{"rendered":"<p>Welcher Trend zeichnet sich in der PR-Branche ab? Eine Umfrage dazu provoziert Schlagzeilen. Da wir alle unter dem Einfluss von Werbung und Imagekampagnen stehen, seien hierzu drei Quellen empfohlen. Aufschlussreich pr\u00e4sentiert www.presseportal.de\/pm\/6344\/2148738\/ das Umfrage-Ergebnis. \u00dcberraschend vielleicht, dass sich die Branche von ihren eigenen Sprechblasen genervt sieht und das auch zugibt. Erfreulich, dass es ihr gut [&hellip;]<\/p>\n","protected":false},"author":2,"featured_media":0,"comment_status":"open","ping_status":"closed","sticky":false,"template":"","format":"standard","meta":{"_s2mail":"yes","footnotes":""},"categories":[6,9],"tags":[343,344,342,346,345],"class_list":["post-721","post","type-post","status-publish","format-standard","hentry","category-alltag","category-sonstiges","tag-konstruktivismus","tag-lobo","tag-pr","tag-realitatsverlust","tag-storytelling"],"_links":{"self":[{"href":"https:\/\/blog.journalismus-und-mehr.com\/index.php\/wp-json\/wp\/v2\/posts\/721","targetHints":{"allow":["GET"]}}],"collection":[{"href":"https:\/\/blog.journalismus-und-mehr.com\/index.php\/wp-json\/wp\/v2\/posts"}],"about":[{"href":"https:\/\/blog.journalismus-und-mehr.com\/index.php\/wp-json\/wp\/v2\/types\/post"}],"author":[{"embeddable":true,"href":"https:\/\/blog.journalismus-und-mehr.com\/index.php\/wp-json\/wp\/v2\/users\/2"}],"replies":[{"embeddable":true,"href":"https:\/\/blog.journalismus-und-mehr.com\/index.php\/wp-json\/wp\/v2\/comments?post=721"}],"version-history":[{"count":8,"href":"https:\/\/blog.journalismus-und-mehr.com\/index.php\/wp-json\/wp\/v2\/posts\/721\/revisions"}],"predecessor-version":[{"id":1440,"href":"https:\/\/blog.journalismus-und-mehr.com\/index.php\/wp-json\/wp\/v2\/posts\/721\/revisions\/1440"}],"wp:attachment":[{"href":"https:\/\/blog.journalismus-und-mehr.com\/index.php\/wp-json\/wp\/v2\/media?parent=721"}],"wp:term":[{"taxonomy":"category","embeddable":true,"href":"https:\/\/blog.journalismus-und-mehr.com\/index.php\/wp-json\/wp\/v2\/categories?post=721"},{"taxonomy":"post_tag","embeddable":true,"href":"https:\/\/blog.journalismus-und-mehr.com\/index.php\/wp-json\/wp\/v2\/tags?post=721"}],"curies":[{"name":"wp","href":"https:\/\/api.w.org\/{rel}","templated":true}]}}