{"id":716,"date":"2011-11-14T14:00:44","date_gmt":"2011-11-14T12:00:44","guid":{"rendered":"http:\/\/blog.journalismus-und-mehr.com\/?p=716"},"modified":"2017-09-18T20:47:40","modified_gmt":"2017-09-18T18:47:40","slug":"wie-nutzlich-ist-es-tabus-zu-brechen","status":"publish","type":"post","link":"https:\/\/blog.journalismus-und-mehr.com\/index.php\/archives\/716","title":{"rendered":"Wie n\u00fctzlich ist es, Tabus zu brechen?"},"content":{"rendered":"<p>Die W\u00fcrde des Menschen ist &#8230;? &#8220;Antastbar&#8221; wie es scheint, denn noch immer wird munter diskriminiert. Obwohl Diskriminierung eigentlich tabu ist.<\/p>\n<p>Aber was ist heutzutage schon noch tabu? Es ist anscheinend trendy oder sexy, sich mit Tabubr\u00fcchen unvergessen zu machen. Somit ist er (der Tabubruch) n\u00fctzlich im Showgesch\u00e4ft. Unter anderem hat das die j\u00fcngste Bambi-Verleihung vor Augen gef\u00fchrt. Der heftigste Aufreger ist die Auszeichnung von Bushido. Hierzu gibt es einen Blogbeitrag, dem ich nichts hinzu zu f\u00fcgen habe: http:\/\/tapferimnirgendwo.wordpress.com\/2011\/11\/12\/gebt-den-bambi-zuruck\/<\/p>\n","protected":false},"excerpt":{"rendered":"<p>Die W\u00fcrde des Menschen ist &#8230;? &#8220;Antastbar&#8221; wie es scheint, denn noch immer wird munter diskriminiert. Obwohl Diskriminierung eigentlich tabu ist. Aber was ist heutzutage schon noch tabu? Es ist anscheinend trendy oder sexy, sich mit Tabubr\u00fcchen unvergessen zu machen. Somit ist er (der Tabubruch) n\u00fctzlich im Showgesch\u00e4ft. Unter anderem hat das die j\u00fcngste Bambi-Verleihung [&hellip;]<\/p>\n","protected":false},"author":2,"featured_media":0,"comment_status":"open","ping_status":"closed","sticky":false,"template":"","format":"standard","meta":{"_s2mail":"yes","footnotes":""},"categories":[1],"tags":[],"class_list":["post-716","post","type-post","status-publish","format-standard","hentry","category-allgemein"],"_links":{"self":[{"href":"https:\/\/blog.journalismus-und-mehr.com\/index.php\/wp-json\/wp\/v2\/posts\/716","targetHints":{"allow":["GET"]}}],"collection":[{"href":"https:\/\/blog.journalismus-und-mehr.com\/index.php\/wp-json\/wp\/v2\/posts"}],"about":[{"href":"https:\/\/blog.journalismus-und-mehr.com\/index.php\/wp-json\/wp\/v2\/types\/post"}],"author":[{"embeddable":true,"href":"https:\/\/blog.journalismus-und-mehr.com\/index.php\/wp-json\/wp\/v2\/users\/2"}],"replies":[{"embeddable":true,"href":"https:\/\/blog.journalismus-und-mehr.com\/index.php\/wp-json\/wp\/v2\/comments?post=716"}],"version-history":[{"count":2,"href":"https:\/\/blog.journalismus-und-mehr.com\/index.php\/wp-json\/wp\/v2\/posts\/716\/revisions"}],"predecessor-version":[{"id":718,"href":"https:\/\/blog.journalismus-und-mehr.com\/index.php\/wp-json\/wp\/v2\/posts\/716\/revisions\/718"}],"wp:attachment":[{"href":"https:\/\/blog.journalismus-und-mehr.com\/index.php\/wp-json\/wp\/v2\/media?parent=716"}],"wp:term":[{"taxonomy":"category","embeddable":true,"href":"https:\/\/blog.journalismus-und-mehr.com\/index.php\/wp-json\/wp\/v2\/categories?post=716"},{"taxonomy":"post_tag","embeddable":true,"href":"https:\/\/blog.journalismus-und-mehr.com\/index.php\/wp-json\/wp\/v2\/tags?post=716"}],"curies":[{"name":"wp","href":"https:\/\/api.w.org\/{rel}","templated":true}]}}