{"id":687,"date":"2011-08-17T12:37:31","date_gmt":"2011-08-17T10:37:31","guid":{"rendered":"http:\/\/blog.journalismus-und-mehr.com\/?p=687"},"modified":"2017-09-18T20:47:40","modified_gmt":"2017-09-18T18:47:40","slug":"ob-schlupfrig-oder-kurios-ein-titel-muss-ziehen","status":"publish","type":"post","link":"https:\/\/blog.journalismus-und-mehr.com\/index.php\/archives\/687","title":{"rendered":"Ob schl\u00fcpfrig oder kurios &#8211; ein Titel muss ziehen!"},"content":{"rendered":"<p>Manchmal bleibt man an einem Buchtitel h\u00e4ngen und denkt \u201eVolltreffer\u201c! Obwohl man vom Inhalt des Buches nichts wei\u00df und\/oder nichts wissen will. Mir geht das mit dem Titel \u201eScho\u00dfgebete\u201c so. Einen besseren h\u00e4tte man dem 2. Werk der Autorin mit der besonderen Feder f\u00fcr Schl\u00fcpfrigkeiten nicht verpassen k\u00f6nnen! Dazu noch die Assoziation, dass Scho\u00dfgebete seufzend aus Sumpf- nein Feuchtgebieten kommen \u2026<\/p>\n<p>Lassen wir das. Plupp, seufz! Ich habe mich bei MISS TILLY informiert, was Charlotte Roche diesmal in ihren \u201eAufreger\u201c gepackt hat. Hier geht\u2019s zur Rezension von Anne von Blomberg &gt; http:\/\/bit.ly\/oeZ1td<\/p>\n<p>Es ist wirklich wichtig, dass ein Buchtitel \u201ezieht\u201c. Sonst wird das Buch ein Mauerbl\u00fcmchen. Also strengen sich die Marketing-Leute m\u00e4chtig an. Manchmal versucht man, mit Kuriosem zu punkten. Seit 2008 werden die kuriosesten Buchtitel pr\u00e4miert.<\/p>\n<p>Es begann mit \u201e<em>Begegnungen mit dem Serienm\u00f6rder. Jetzt sprechen die Opfer<\/em>\u201c von Stephan Harbort, Droste Verlag. Dann folgten \u201e<em>Das Leben ist keine Waldorfschule\u201c <\/em>von Mischa-Sarim Ve\u0301rollet, Carlsen Verlag (2009), und \u201e<em>Zehn Tipps, das Morden zu beenden und den Abwasch zu beginnen\u201c <\/em>von Hallgri\u0301mur Helgason, Tropen Verlag (2010). Wer landet heuer auf Platz 1. <span style=\"color: #ff00ff;\"><strong>Vorschl\u00e4ge sind hier willkommen<\/strong><\/span> &gt; www.kuriosesterbuchtitel.de\/ Dort findet man auch Begr\u00fcndungen zu den seitherigen Entscheidungen der Jury.<\/p>\n","protected":false},"excerpt":{"rendered":"<p>Manchmal bleibt man an einem Buchtitel h\u00e4ngen und denkt \u201eVolltreffer\u201c! Obwohl man vom Inhalt des Buches nichts wei\u00df und\/oder nichts wissen will. Mir geht das mit dem Titel \u201eScho\u00dfgebete\u201c so. Einen besseren h\u00e4tte man dem 2. Werk der Autorin mit der besonderen Feder f\u00fcr Schl\u00fcpfrigkeiten nicht verpassen k\u00f6nnen! Dazu noch die Assoziation, dass Scho\u00dfgebete seufzend [&hellip;]<\/p>\n","protected":false},"author":2,"featured_media":0,"comment_status":"open","ping_status":"closed","sticky":false,"template":"","format":"standard","meta":{"_s2mail":"yes","footnotes":""},"categories":[8],"tags":[327,328,326],"class_list":["post-687","post","type-post","status-publish","format-standard","hentry","category-literatur","tag-feuchtgebiete","tag-kuriose-buchtitel","tag-schosgebete"],"_links":{"self":[{"href":"https:\/\/blog.journalismus-und-mehr.com\/index.php\/wp-json\/wp\/v2\/posts\/687","targetHints":{"allow":["GET"]}}],"collection":[{"href":"https:\/\/blog.journalismus-und-mehr.com\/index.php\/wp-json\/wp\/v2\/posts"}],"about":[{"href":"https:\/\/blog.journalismus-und-mehr.com\/index.php\/wp-json\/wp\/v2\/types\/post"}],"author":[{"embeddable":true,"href":"https:\/\/blog.journalismus-und-mehr.com\/index.php\/wp-json\/wp\/v2\/users\/2"}],"replies":[{"embeddable":true,"href":"https:\/\/blog.journalismus-und-mehr.com\/index.php\/wp-json\/wp\/v2\/comments?post=687"}],"version-history":[{"count":4,"href":"https:\/\/blog.journalismus-und-mehr.com\/index.php\/wp-json\/wp\/v2\/posts\/687\/revisions"}],"predecessor-version":[{"id":1444,"href":"https:\/\/blog.journalismus-und-mehr.com\/index.php\/wp-json\/wp\/v2\/posts\/687\/revisions\/1444"}],"wp:attachment":[{"href":"https:\/\/blog.journalismus-und-mehr.com\/index.php\/wp-json\/wp\/v2\/media?parent=687"}],"wp:term":[{"taxonomy":"category","embeddable":true,"href":"https:\/\/blog.journalismus-und-mehr.com\/index.php\/wp-json\/wp\/v2\/categories?post=687"},{"taxonomy":"post_tag","embeddable":true,"href":"https:\/\/blog.journalismus-und-mehr.com\/index.php\/wp-json\/wp\/v2\/tags?post=687"}],"curies":[{"name":"wp","href":"https:\/\/api.w.org\/{rel}","templated":true}]}}