{"id":620,"date":"2011-03-02T14:46:44","date_gmt":"2011-03-02T12:46:44","guid":{"rendered":"http:\/\/blog.journalismus-und-mehr.com\/?p=620"},"modified":"2017-09-18T20:47:41","modified_gmt":"2017-09-18T18:47:41","slug":"ungenaues-denken-erregungspegel-sind-eine-unheilige-allianz","status":"publish","type":"post","link":"https:\/\/blog.journalismus-und-mehr.com\/index.php\/archives\/620","title":{"rendered":"Ungenaues Denken &#038; Erregungspegel sind eine unheilige Allianz"},"content":{"rendered":"<p>Der angehimmelte Minister ist zur\u00fcckgetreten. Dies einzuordnen hilft der Beitrag von Professor Bernhard P\u00f6rksen, Medienwissenschaftler, in MEDIA &gt; http:\/\/bit.ly\/gc1BvF. Die Fragen um den Plagiatsskandal f\u00fchren unweigerlich zu BILD, da dieses Leitmedium dem angeschlagenen Minister bis zuletzt lautstark die Stange hielt.<\/p>\n<p>Warum nimmt ein Medium so eindeutig Partei? Um die Fanseele zu spiegeln? Um den Erregungspegel in eine Auflagensteigerung umzum\u00fcnzen? Die Rolle der Medien kam im Fall Guttenberg schon einmal ins Gerede. 2009 ging es um seine wirtschaftlichen Erfahrungen. Damals war er Wirtschaftsminister und hatte \u2013 wie Panorama aufdeckte \u2013 nur geringf\u00fcgige praktische wirtschaftliche Erfahrungen \u2013 auch wenn er der \u00d6ffentlichkeit etwas anderes weismachen wollte. Siehe &gt;&gt; http:\/\/bit.ly\/SaARv Andere Medien hatten das nicht so genau hinterfragt, was in dem Beitrag kritisiert wird. Sie sa\u00dfen der Aussage des Ministers auf, die fl\u00e4chendeckend verbreitet wurde.<\/p>\n<p>BILD ist nicht mehr so verp\u00f6nt wie einst. Das merkt man schon daran, dass das Blatt markante K\u00f6pfe wie Alice Schwarze f\u00fcr seine Kampagnen gewinnt. Als das Blatt unl\u00e4ngst einen Korb von der Band \u201eWir sind Helden\u201c bekam, erregte das Aufsehen. In deren Absage hei\u00dft es: \u201eDie Bild\u00adzei\u00adtung ist ein ge\u00adf\u00e4hr\u00adli\u00adches po\u00adli\u00adti\u00adsches In\u00adstru\u00adment \u2013 nicht nur ein\u00a0stark ver\u00adgr\u00f6\u00ad\u00dfern\u00addes Fern\u00adrohr in den Ab\u00adgrund, son\u00addern ein b\u00f6s\u00adar\u00adti\u00adges Wesen, das\u00a0Deutsch\u00adland nicht be\u00adschreibt, son\u00addern macht. Mit einer Agen\u00adda.\u201c (Den ganzen Text nachlesen kann man unter http:\/\/bit.ly\/fTwRZy &#8211; als Schlagzeile wurde bekannt &#8220;Ich glaub, es hackt&#8221;.)<\/p>\n<p>Wohlan \u2013 vielleicht gibt es ja doch eine neue Debatte \u00fcber Glaubw\u00fcrdigkeit und wie wichtig sie ist. Sowohl was den Charakter von Medien als auch was den von PolitikerInnen betrifft?! Ungenaues Denken richtet jedenfalls Schaden an!<\/p>\n<p>In diesem Zusammenhang sehr empfehlenswert: <strong><span style=\"color: #0000ff;\">\u201eJournalismus nach der Krise \u2013 Aufbruch oder Ausverkauf?\u201c<\/span><\/strong>. Der Band, unterst\u00fctzt von der Stiftung \u201eWertevolle Zukunft\u201c, lotet Unsch\u00e4rfen, Untiefen und Ungereimtheiten aus. 22 Chefredakteure und Medienexperten wurden von zwei jungen Insidern \u2013 Anne Kunze und Felix Rohrbeck \u2013 befragt. Mehr dazu &gt; http:\/\/bit.ly\/eqjt0D<\/p>\n","protected":false},"excerpt":{"rendered":"<p>Der angehimmelte Minister ist zur\u00fcckgetreten. Dies einzuordnen hilft der Beitrag von Professor Bernhard P\u00f6rksen, Medienwissenschaftler, in MEDIA &gt; http:\/\/bit.ly\/gc1BvF. Die Fragen um den Plagiatsskandal f\u00fchren unweigerlich zu BILD, da dieses Leitmedium dem angeschlagenen Minister bis zuletzt lautstark die Stange hielt. Warum nimmt ein Medium so eindeutig Partei? Um die Fanseele zu spiegeln? Um den Erregungspegel [&hellip;]<\/p>\n","protected":false},"author":2,"featured_media":0,"comment_status":"open","ping_status":"closed","sticky":false,"template":"","format":"standard","meta":{"_s2mail":"yes","footnotes":""},"categories":[1],"tags":[261,262,260,263],"class_list":["post-620","post","type-post","status-publish","format-standard","hentry","category-allgemein","tag-ausverkauf","tag-bild","tag-erregungspegel","tag-ungenaues-denken"],"_links":{"self":[{"href":"https:\/\/blog.journalismus-und-mehr.com\/index.php\/wp-json\/wp\/v2\/posts\/620","targetHints":{"allow":["GET"]}}],"collection":[{"href":"https:\/\/blog.journalismus-und-mehr.com\/index.php\/wp-json\/wp\/v2\/posts"}],"about":[{"href":"https:\/\/blog.journalismus-und-mehr.com\/index.php\/wp-json\/wp\/v2\/types\/post"}],"author":[{"embeddable":true,"href":"https:\/\/blog.journalismus-und-mehr.com\/index.php\/wp-json\/wp\/v2\/users\/2"}],"replies":[{"embeddable":true,"href":"https:\/\/blog.journalismus-und-mehr.com\/index.php\/wp-json\/wp\/v2\/comments?post=620"}],"version-history":[{"count":3,"href":"https:\/\/blog.journalismus-und-mehr.com\/index.php\/wp-json\/wp\/v2\/posts\/620\/revisions"}],"predecessor-version":[{"id":1455,"href":"https:\/\/blog.journalismus-und-mehr.com\/index.php\/wp-json\/wp\/v2\/posts\/620\/revisions\/1455"}],"wp:attachment":[{"href":"https:\/\/blog.journalismus-und-mehr.com\/index.php\/wp-json\/wp\/v2\/media?parent=620"}],"wp:term":[{"taxonomy":"category","embeddable":true,"href":"https:\/\/blog.journalismus-und-mehr.com\/index.php\/wp-json\/wp\/v2\/categories?post=620"},{"taxonomy":"post_tag","embeddable":true,"href":"https:\/\/blog.journalismus-und-mehr.com\/index.php\/wp-json\/wp\/v2\/tags?post=620"}],"curies":[{"name":"wp","href":"https:\/\/api.w.org\/{rel}","templated":true}]}}