{"id":558,"date":"2011-01-12T05:50:09","date_gmt":"2011-01-12T03:50:09","guid":{"rendered":"http:\/\/blog.journalismus-und-mehr.com\/?p=558"},"modified":"2017-09-18T20:47:41","modified_gmt":"2017-09-18T18:47:41","slug":"der-trommler","status":"publish","type":"post","link":"https:\/\/blog.journalismus-und-mehr.com\/index.php\/archives\/558","title":{"rendered":"Der Trommler"},"content":{"rendered":"<p>Es war am Silvesterabend. Ich spazierte in St. Petersburg, Florida, an der Promenade. Viele K\u00fcnstler-Gruppen waren versammelt. Es gab Musik, Gaukler lie\u00dfen sich bestaunen, Menschen versuchten sich in einem Hecken-Labyrinth zurechtzufinden. Nat\u00fcrlich gab es auch Essbares an verschiedenen Buden. Die Stimmung war gut, man freute sich auf das Feuerwerk, das neue Jahr und dass man es gemeinsam in einer heiteren Atmosph\u00e4re begr\u00fc\u00dfen w\u00fcrde.<\/p>\n<p>Da pl\u00f6tzlich ein Tommelwirbel. Aha, bestimmt was Afrikanisches! Tja, man hat immer Vorurteile. Das wurde mir angesichts des Trommlers bewusst, nachdem ich mir einen Platz erk\u00e4mpft hatte, von dem aus ich ihn sehen konnte. Es war ein Mann mittleren Alters. Ein Wei\u00dfer. Er sa\u00df vor drei bis vier umgest\u00fclpten Plastik-Eimern. Die St\u00f6cke, mit denen er auf die Eimer trommelte, konnte ich nicht klar identifizieren. Vielleicht waren es haushalts\u00fcbliche R\u00fchrl\u00f6ffel, die er verkehrt herum ben\u00fctzte. Aber die Fertigkeit, mit der er trommelte, wird mir lange im Ged\u00e4chtnis bleiben.<\/p>\n<p>In diesem Augenblick tauchen Oskar Mazerath, G\u00fcnter Grass und Volker Schl\u00f6ndorff vor meinem geistigen Auge auf. Und ich bin f\u00fcr eine Weile in Europa, erinnere mich an den Genuss des Films und denke: Mit so einem Trommler m\u00fcssten meine Memoiren anfangen. <em>Wachr\u00fctteln<\/em> war der Ansporn, in den Journalismus zu gehen, Grass-Lekt\u00fcre eine fr\u00fche Leidenschaft von mir und damit verbunden wiederum eine fr\u00fche ferne Liebe, die damals noch wahnsinnig hohe Telefongeb\u00fchren verursachte. (An Flatrate war nicht mal im Traum zu denken, die Berechnung von Telefonaten erfolgte je nach Entfernung, Dauer und Tageszeit!)<\/p>\n<p>Was w\u00fcrde ich zu meiner pers\u00f6nlichen Trommler-Sequenz erheben? W\u00fcrde ich anschlie\u00dfend damit fortfahren, \u00fcber mein erstes Telefon zu berichten und wie meine Kindheit ohne dieses Kommunikationsmittel ausgesehen hat?<\/p>\n<p><span style=\"color: #800080;\"><em>Ich hatte versprochen, in loser Folge zu thematisieren, wie man seine Lebenserinnerungen anpackt, wodurch man Zugang sucht und schafft mittels Ereignissen, die sowohl pers\u00f6nlich pr\u00e4gend waren, jedoch meist auch im Zeitgeist eingebettet noch ein wenig farbiger erz\u00e4hlt werden k\u00f6nnen. Dies war nun die 2. Ann\u00e4herung an das Thema. Weitere demn\u00e4chst.<\/em><\/span><\/p>\n","protected":false},"excerpt":{"rendered":"<p>Es war am Silvesterabend. Ich spazierte in St. Petersburg, Florida, an der Promenade. Viele K\u00fcnstler-Gruppen waren versammelt. Es gab Musik, Gaukler lie\u00dfen sich bestaunen, Menschen versuchten sich in einem Hecken-Labyrinth zurechtzufinden. Nat\u00fcrlich gab es auch Essbares an verschiedenen Buden. Die Stimmung war gut, man freute sich auf das Feuerwerk, das neue Jahr und dass man [&hellip;]<\/p>\n","protected":false},"author":2,"featured_media":0,"comment_status":"open","ping_status":"closed","sticky":false,"template":"","format":"standard","meta":{"_s2mail":"yes","footnotes":""},"categories":[6,7,8],"tags":[92,227,229,226,225,228],"class_list":["post-558","post","type-post","status-publish","format-standard","hentry","category-alltag","category-kultur","category-literatur","tag-blechtrommel","tag-gaukler","tag-mazerath","tag-silvester","tag-telefon","tag-trommler"],"_links":{"self":[{"href":"https:\/\/blog.journalismus-und-mehr.com\/index.php\/wp-json\/wp\/v2\/posts\/558","targetHints":{"allow":["GET"]}}],"collection":[{"href":"https:\/\/blog.journalismus-und-mehr.com\/index.php\/wp-json\/wp\/v2\/posts"}],"about":[{"href":"https:\/\/blog.journalismus-und-mehr.com\/index.php\/wp-json\/wp\/v2\/types\/post"}],"author":[{"embeddable":true,"href":"https:\/\/blog.journalismus-und-mehr.com\/index.php\/wp-json\/wp\/v2\/users\/2"}],"replies":[{"embeddable":true,"href":"https:\/\/blog.journalismus-und-mehr.com\/index.php\/wp-json\/wp\/v2\/comments?post=558"}],"version-history":[{"count":7,"href":"https:\/\/blog.journalismus-und-mehr.com\/index.php\/wp-json\/wp\/v2\/posts\/558\/revisions"}],"predecessor-version":[{"id":593,"href":"https:\/\/blog.journalismus-und-mehr.com\/index.php\/wp-json\/wp\/v2\/posts\/558\/revisions\/593"}],"wp:attachment":[{"href":"https:\/\/blog.journalismus-und-mehr.com\/index.php\/wp-json\/wp\/v2\/media?parent=558"}],"wp:term":[{"taxonomy":"category","embeddable":true,"href":"https:\/\/blog.journalismus-und-mehr.com\/index.php\/wp-json\/wp\/v2\/categories?post=558"},{"taxonomy":"post_tag","embeddable":true,"href":"https:\/\/blog.journalismus-und-mehr.com\/index.php\/wp-json\/wp\/v2\/tags?post=558"}],"curies":[{"name":"wp","href":"https:\/\/api.w.org\/{rel}","templated":true}]}}