{"id":42,"date":"2009-04-25T15:27:51","date_gmt":"2009-04-25T13:27:51","guid":{"rendered":"http:\/\/www.ccyd.de\/schauer\/blog\/?p=42"},"modified":"2017-09-18T20:47:45","modified_gmt":"2017-09-18T18:47:45","slug":"ende-der-50er-gings-aufwarts","status":"publish","type":"post","link":"https:\/\/blog.journalismus-und-mehr.com\/index.php\/archives\/42","title":{"rendered":"Ende der 50er ging&#8217;s aufw\u00e4rts"},"content":{"rendered":"<table border=\"0\">\n<tbody>\n<tr>\n<td style=\"border: 1px dotted black;\" title=\"Lichtgestalt: es geht aufw\u00e4rts Ende der 50er\" width=\"150\" height=\"150\">\n<p><div id=\"attachment_41\" style=\"width: 160px\" class=\"wp-caption alignnone\"><img loading=\"lazy\" decoding=\"async\" aria-describedby=\"caption-attachment-41\" class=\"size-thumbnail wp-image-41\" title=\"Die Mutter als Lichtgestalt - Es ging aufw\u00e4rts\" src=\"http:\/\/www.ccyd.de\/schauer\/blog\/wp-content\/uploads\/2009\/04\/mother-lichtgestalt2-150x150.jpg\" alt=\"Die Mutter als Lichtgestalt - Es ging aufw\u00e4rts\" width=\"150\" height=\"150\" \/><p id=\"caption-attachment-41\" class=\"wp-caption-text\">Mutter als Lichtgestalt - Es ging aufw\u00e4rts<\/p><\/div><\/td>\n<td>Im Alltag zu Hause trugen die Frauen gerne Kittelsch\u00fcrzen. Je unbefangener ich dar\u00fcber nachdenke, desto freiheitlicher erscheint mir dieses Kleidungsst\u00fcck, obwohl ich es damals nicht besonders mochte.<\/p>\n<p>Das Gem\u00e4lde zeigt die Mutter von Susanne Nielsen und ist Bestandteil der Ausstellung im Mai in Largo, Florida.<\/td>\n<\/tr>\n<\/tbody>\n<\/table>\n","protected":false},"excerpt":{"rendered":"<p>Eleganz und Kittelsch\u00fcrze &#8211; die pr\u00e4genden Outfits waren unterschiedlich.<\/p>\n","protected":false},"author":2,"featured_media":0,"comment_status":"open","ping_status":"closed","sticky":false,"template":"","format":"standard","meta":{"_s2mail":"","footnotes":""},"categories":[7],"tags":[31,30,29],"class_list":["post-42","post","type-post","status-publish","format-standard","hentry","category-kultur","tag-aufwarts","tag-florida","tag-nielsen"],"_links":{"self":[{"href":"https:\/\/blog.journalismus-und-mehr.com\/index.php\/wp-json\/wp\/v2\/posts\/42","targetHints":{"allow":["GET"]}}],"collection":[{"href":"https:\/\/blog.journalismus-und-mehr.com\/index.php\/wp-json\/wp\/v2\/posts"}],"about":[{"href":"https:\/\/blog.journalismus-und-mehr.com\/index.php\/wp-json\/wp\/v2\/types\/post"}],"author":[{"embeddable":true,"href":"https:\/\/blog.journalismus-und-mehr.com\/index.php\/wp-json\/wp\/v2\/users\/2"}],"replies":[{"embeddable":true,"href":"https:\/\/blog.journalismus-und-mehr.com\/index.php\/wp-json\/wp\/v2\/comments?post=42"}],"version-history":[{"count":13,"href":"https:\/\/blog.journalismus-und-mehr.com\/index.php\/wp-json\/wp\/v2\/posts\/42\/revisions"}],"predecessor-version":[{"id":1503,"href":"https:\/\/blog.journalismus-und-mehr.com\/index.php\/wp-json\/wp\/v2\/posts\/42\/revisions\/1503"}],"wp:attachment":[{"href":"https:\/\/blog.journalismus-und-mehr.com\/index.php\/wp-json\/wp\/v2\/media?parent=42"}],"wp:term":[{"taxonomy":"category","embeddable":true,"href":"https:\/\/blog.journalismus-und-mehr.com\/index.php\/wp-json\/wp\/v2\/categories?post=42"},{"taxonomy":"post_tag","embeddable":true,"href":"https:\/\/blog.journalismus-und-mehr.com\/index.php\/wp-json\/wp\/v2\/tags?post=42"}],"curies":[{"name":"wp","href":"https:\/\/api.w.org\/{rel}","templated":true}]}}