{"id":297,"date":"2009-12-30T12:07:03","date_gmt":"2009-12-30T10:07:03","guid":{"rendered":"http:\/\/blog.journalismus-und-mehr.com\/?p=297"},"modified":"2017-09-18T20:47:43","modified_gmt":"2017-09-18T18:47:43","slug":"schopft-hoffnung-aus-gluckwunschen","status":"publish","type":"post","link":"https:\/\/blog.journalismus-und-mehr.com\/index.php\/archives\/297","title":{"rendered":"Sch\u00f6pft Hoffnung aus Gl\u00fcckw\u00fcnschen!"},"content":{"rendered":"<p>Manche lesen die Zeitung von hinten. Wegen der Todesanzeigen. Ich kenne sogar jemanden, der sammelt besonders eindrucksvolle. \u00dcber die Neugier auf Todesdaten ist viel geforscht worden. Sp\u00e4testens wenn Gleichaltrige oder gar J\u00fcngere sterben, ist das ein Anlass zum Gr\u00fcbeln.<\/p>\n<p>Auf der gleichen Zeitungsseite oder \u201egegen\u00fcber\u201c finden sich regelm\u00e4\u00dfig \u201eGl\u00fcckw\u00fcnsche &amp; Pers\u00f6nliches\u201c. Zum Schuljahresbeginn habe ich gestaunt, wie viele Gro\u00dfeltern in der Stuttgarter Zeitung (StZ) ihren Enkelkindern einen guten Start als ABC-Sch\u00fctzen w\u00fcnschten. Vielleicht werden die Kinder dadurch mit gr\u00f6\u00dferer Begeisterung ans Lesenlernen herangef\u00fchrt? Oder betrifft das vor allem die Familien, in denen das Lesen schon vor der Einschulung \u201esitzt\u201c?<\/p>\n<p>Die Gl\u00fcckw\u00fcnsche gelten jedenfalls immer h\u00e4ufiger \u201ejungen\u201c Anl\u00e4ssen \u2013\u00a0 Silber- oder Goldhochzeiten sind in der Minderheit. Stichprobe heute in der StZ: da wird zum <strong>ersten runden<\/strong> Geburtstag gratuliert, zweimal zum 18. und einmal zum 44., zur Eisernen Hochzeit (65 Jahre Ehe!) und zum ersten Hochzeitstag. Insgesamt sind es zehn Anzeigen.<\/p>\n<p>Je mehr Anzeigen, desto besser geht es der Zeitung, desto weniger Kollegen m\u00fcssen um ihre Anstellung f\u00fcrchten und desto ferner ist vielleicht auch die n\u00e4chste Preiserh\u00f6hung f\u00fcrs Abonnement. Au\u00dferdem ist es beruhigend zu wissen, dass Menschen f\u00fcr gute W\u00fcnsche ein wenig mehr ausgeben k\u00f6nnen, als eine handels\u00fcbliche Gratulationskarte kosten w\u00fcrde. \u201ePrivat liegt sehr viel Geld auf der hohen Kante\u201c, h\u00f6re ich oft, wenn ich gegen Hartz-IV wettere und anscheinend belehrt werden muss, dass nicht alle Bundesb\u00fcrgerInnen am unteren Rand der Einkommensskala angesiedelt sind.<\/p>\n<p>Vielleicht ist deshalb die Rubrik \u201eGl\u00fcckw\u00fcnsche &amp; Pers\u00f6nliches\u201c so eine Art \u201eZuflucht\u201c f\u00fcr mich geworden. Da kann ich ablesen, wem es gut geht und freue mich. Mit dieser Perspektive l\u00e4sst sich Hoffnung f\u00fcr die Zukunft sch\u00f6pfen. Nicht zuletzt ist ein Zeitungsabonnement ja kein niedrigpreisiges Vergn\u00fcgen: Finden gedruckte Gl\u00fcckw\u00fcnsche statt, zeugt das pro Anzeige zumindest von zwei (evtl. treuen) LeserInnen.<\/p>\n","protected":false},"excerpt":{"rendered":"<p>Manche lesen die Zeitung von hinten. Wegen der Todesanzeigen. Ich kenne sogar jemanden, der sammelt besonders eindrucksvolle. \u00dcber die Neugier auf Todesdaten ist viel geforscht worden. Sp\u00e4testens wenn Gleichaltrige oder gar J\u00fcngere sterben, ist das ein Anlass zum Gr\u00fcbeln. Auf der gleichen Zeitungsseite oder \u201egegen\u00fcber\u201c finden sich regelm\u00e4\u00dfig \u201eGl\u00fcckw\u00fcnsche &amp; Pers\u00f6nliches\u201c. Zum Schuljahresbeginn habe ich [&hellip;]<\/p>\n","protected":false},"author":2,"featured_media":0,"comment_status":"open","ping_status":"closed","sticky":false,"template":"","format":"standard","meta":{"_s2mail":"","footnotes":""},"categories":[6,9],"tags":[122,121,120],"class_list":["post-297","post","type-post","status-publish","format-standard","hentry","category-alltag","category-sonstiges","tag-abonnement","tag-gluckwunsche","tag-hoffnung"],"_links":{"self":[{"href":"https:\/\/blog.journalismus-und-mehr.com\/index.php\/wp-json\/wp\/v2\/posts\/297","targetHints":{"allow":["GET"]}}],"collection":[{"href":"https:\/\/blog.journalismus-und-mehr.com\/index.php\/wp-json\/wp\/v2\/posts"}],"about":[{"href":"https:\/\/blog.journalismus-und-mehr.com\/index.php\/wp-json\/wp\/v2\/types\/post"}],"author":[{"embeddable":true,"href":"https:\/\/blog.journalismus-und-mehr.com\/index.php\/wp-json\/wp\/v2\/users\/2"}],"replies":[{"embeddable":true,"href":"https:\/\/blog.journalismus-und-mehr.com\/index.php\/wp-json\/wp\/v2\/comments?post=297"}],"version-history":[{"count":6,"href":"https:\/\/blog.journalismus-und-mehr.com\/index.php\/wp-json\/wp\/v2\/posts\/297\/revisions"}],"predecessor-version":[{"id":1487,"href":"https:\/\/blog.journalismus-und-mehr.com\/index.php\/wp-json\/wp\/v2\/posts\/297\/revisions\/1487"}],"wp:attachment":[{"href":"https:\/\/blog.journalismus-und-mehr.com\/index.php\/wp-json\/wp\/v2\/media?parent=297"}],"wp:term":[{"taxonomy":"category","embeddable":true,"href":"https:\/\/blog.journalismus-und-mehr.com\/index.php\/wp-json\/wp\/v2\/categories?post=297"},{"taxonomy":"post_tag","embeddable":true,"href":"https:\/\/blog.journalismus-und-mehr.com\/index.php\/wp-json\/wp\/v2\/tags?post=297"}],"curies":[{"name":"wp","href":"https:\/\/api.w.org\/{rel}","templated":true}]}}