{"id":26,"date":"2009-04-24T11:31:34","date_gmt":"2009-04-24T09:31:34","guid":{"rendered":"http:\/\/www.ccyd.de\/schauer\/blog\/?p=26"},"modified":"2017-09-18T20:47:45","modified_gmt":"2017-09-18T18:47:45","slug":"26","status":"publish","type":"post","link":"https:\/\/blog.journalismus-und-mehr.com\/index.php\/archives\/26","title":{"rendered":"M\u00fctter sind vielschichtig, T\u00f6chter auch"},"content":{"rendered":"<p>Susanne Nielsens Ausstellung &#8220;Mothers, Myths &amp; Memories&#8221; wird erg\u00e4nzt durch Erinnerungen aus aller Welt. Zu sehen in Largo Public Library, Florida, vom 1. bis 31. Mai 2009. Einige der Exponate sah ich bereits in Wiesbaden und fand sie sehr beeindruckend.<\/p>\n<p>Die K\u00fcnstlerin macht jeden Sonntag in West-Florida eine deutsche Radio-Sendung &gt;&gt; www.germanradioshow.com<\/p>\n<p>F\u00fcr ihre Kulturbeitr\u00e4ge recherchiert sie auch immer wieder in Deutschland, zum Beispiel in einer Besenwirtschaft in Str\u00fcmpfelbach oder im Mercedes-Benz Museum in Stuttgart.<\/p>\n<p>Der Ausstellung w\u00fcnsche ich viele Besucher und anregende Gespr\u00e4che!<\/p>\n<p>PS.: <em>Die Kollegin bat auch mich um eine Erinnerung an eine pr\u00e4gende weibliche Person in meiner Kindheit. Spontan schrieb ich etwas \u00fcber Kittelsch\u00fcrzen, n\u00e4chtliches R\u00f6ckek\u00fcrzen (heimlich) und ungeliebte Steghosen &#8230;<\/em><\/p>\n","protected":false},"excerpt":{"rendered":"<p>Susanne Nielsens Ausstellung &#8220;Mothers, Myths &amp; Memories&#8221; wird erg\u00e4nzt durch Erinnerungen aus aller Welt. Zu sehen in Largo Public Library, Florida, vom 1. bis 31. Mai 2009. Einige der Exponate sah ich bereits in Wiesbaden und fand sie sehr beeindruckend. Die K\u00fcnstlerin macht jeden Sonntag in West-Florida eine deutsche Radio-Sendung &gt;&gt; www.germanradioshow.com F\u00fcr ihre Kulturbeitr\u00e4ge [&hellip;]<\/p>\n","protected":false},"author":2,"featured_media":0,"comment_status":"open","ping_status":"closed","sticky":false,"template":"","format":"standard","meta":{"_s2mail":"","footnotes":""},"categories":[7],"tags":[13,10,12,11],"class_list":["post-26","post","type-post","status-publish","format-standard","hentry","category-kultur","tag-ausstellung","tag-mothers","tag-mutter","tag-myths"],"_links":{"self":[{"href":"https:\/\/blog.journalismus-und-mehr.com\/index.php\/wp-json\/wp\/v2\/posts\/26","targetHints":{"allow":["GET"]}}],"collection":[{"href":"https:\/\/blog.journalismus-und-mehr.com\/index.php\/wp-json\/wp\/v2\/posts"}],"about":[{"href":"https:\/\/blog.journalismus-und-mehr.com\/index.php\/wp-json\/wp\/v2\/types\/post"}],"author":[{"embeddable":true,"href":"https:\/\/blog.journalismus-und-mehr.com\/index.php\/wp-json\/wp\/v2\/users\/2"}],"replies":[{"embeddable":true,"href":"https:\/\/blog.journalismus-und-mehr.com\/index.php\/wp-json\/wp\/v2\/comments?post=26"}],"version-history":[{"count":13,"href":"https:\/\/blog.journalismus-und-mehr.com\/index.php\/wp-json\/wp\/v2\/posts\/26\/revisions"}],"predecessor-version":[{"id":121,"href":"https:\/\/blog.journalismus-und-mehr.com\/index.php\/wp-json\/wp\/v2\/posts\/26\/revisions\/121"}],"wp:attachment":[{"href":"https:\/\/blog.journalismus-und-mehr.com\/index.php\/wp-json\/wp\/v2\/media?parent=26"}],"wp:term":[{"taxonomy":"category","embeddable":true,"href":"https:\/\/blog.journalismus-und-mehr.com\/index.php\/wp-json\/wp\/v2\/categories?post=26"},{"taxonomy":"post_tag","embeddable":true,"href":"https:\/\/blog.journalismus-und-mehr.com\/index.php\/wp-json\/wp\/v2\/tags?post=26"}],"curies":[{"name":"wp","href":"https:\/\/api.w.org\/{rel}","templated":true}]}}