{"id":1919,"date":"2023-01-29T12:04:02","date_gmt":"2023-01-29T10:04:02","guid":{"rendered":"https:\/\/blog.journalismus-und-mehr.com\/?p=1919"},"modified":"2023-01-29T19:27:23","modified_gmt":"2023-01-29T17:27:23","slug":"lange-weg-und-dauernd-unterwegs","status":"publish","type":"post","link":"https:\/\/blog.journalismus-und-mehr.com\/index.php\/archives\/1919","title":{"rendered":"Lange weg und dauernd unterwegs"},"content":{"rendered":"\n<p><\/p>\n\n\n\n<p>Drei Monate Rundreise in Schweden, Norwegen und Finnland. Als mir Freunde von dem Vorhaben erz\u00e4hlten, dachte ich nicht an Fjorde, Elche, Denkm\u00e4ler. Vielmehr fragte ich mich, ob das an ihrer Verwurzelung r\u00fchrt und was es mit ihren sozialen Beziehungen macht. \u201eEinsamkeit\u201c kam mir als Stichwort in den Sinn bzw. ein Zur\u00fcckgeworfensein auf sich selbst und seine Begleitung. Dazu muss man andere F\u00e4higkeiten entwickeln als im Alltag zu Hause mit seinen festen Ritualen und Pflichten. <\/p>\n\n\n\n<p>Was sagt Uta dazu, die in S\u00fcdeuropa die Herausforderungen einer Langzeit-Tour erlebt hat und<br>demn\u00e4chst wieder losf\u00e4hrt?<\/p>\n\n\n\n<p>Schon der Einstieg ins Wohnmobil setzt ein Gef\u00fchl von Freiheit frei: \u201eEs geht los!\u201c Einfach herrlich die Gewissheit, nun zehn Wochen Zeit zu haben. Das Brummen des Motors und die gem\u00fctliche Reisegeschwindigkeit l\u00f6sen in mir eine Freude aus, die ich kaum beschreiben kann. Loslassen k\u00f6nnen, sich jeden Tag auf das Unbekannte einlassen, weg vom Wohnsitz, dem Bekannten, Berechenbaren. Mit unserem elf Quadratmeter rollenden \u201eMinihaus\u201c fahren wir Neuem entgegen. Wir haben eine klare Richtung, aber keine feste Route, lassen uns gerne treiben, finden ein lauschiges Pl\u00e4tzchen f\u00fcr eine Nacht oder f\u00fcr einen l\u00e4ngeren Aufenthalt; einen Stellplatz am See, im Wald, auf einem Bauernhof oder Weingut, Campingplatz oder ganz vogelfrei mit Blick aufs Meer.<\/p>\n\n\n\n<p>Seele baumeln lassen. Geht das nur unterwegs? Nein, das kann ich u.a. auch auf der Hollywood Schaukel zu Hause. Aber wenn ich unterwegs bin, sei es beim Laufen, Fahrradfahren oder eben im brummenden Wohnmobil, kann ich meine Gedanken und Gef\u00fchle anders flie\u00dfen lassen, habe neue Ideen, gewinne Erkenntnisse \u00fcber Fragen in meinem Kopf und Herzen. \u00dcber Tod und Sterben, \u00fcber das Leben. Vielleicht bin ich eine Nomadin?<\/p>\n\n\n\n<p>Das Meer zieht mich an. Wenn ich dort bin, empfinde ich einen tiefen Frieden. Ich brauche nicht zu tauchen oder zu schwimmen. Ich liebe die unterschiedlichen Nuancen des blauen Meeres, den Geruch aus einer Mischung von Fisch, Muscheln und Algen, den Geschmack von salziger Luft und die kreischenden M\u00f6wen. In diesen Momenten f\u00fchle ich mich grenzenlos gl\u00fccklich. Wie damals auf Hawaii, als pl\u00f6tzlich eine Schildkr\u00f6te eine Weile neben mir schwamm. Das war eine Mischung von Angst, Respekt, Demut und unendlicher Freude &#8211; eine ganz besondere Grenzerfahrung.<\/p>\n\n\n\n<p>Auf elf Quadratmetern gibt es aber manchmal auch Stress, wenn man sich immer wieder neuen Hausforderungen zu stellen hat. Reagiert man darauf anders als zu Hause? Jein.<br>Bei unterschiedlichen Probleml\u00f6sungsans\u00e4tzen muss man sich oft nur schneller einigen. Zum Beispiel kann man nicht lange diskutieren nach falschem Abbiegen aufgrund meiner Rechts-Links-Schw\u00e4che. Oder man muss sich unmittelbarer daf\u00fcr entscheiden, einen Konflikt erst mal unaufgel\u00f6st stehen zu lassen.<\/p>\n\n\n\n<p>Kann es eine Verwurzelung im Wohnmobil geben? Ist das nicht ein Widerspruch in sich? In unserem Wohnmobil leben wir mit Leib und Seele auf das Wesentliche reduziert, und wenn wir die T\u00fcr aufmachen, hat unser Wohnzimmer jeden Tag eine neue Deko. Andererseits ist unser Zuhause auch dort, wo sich unser fester Wohnsitz befindet, wir die Sprache beherrschen. Aber sobald uns die Sehnsucht erfasst, unterwegs sein zu wollen, ist unserer Zuhause auch genau dort, wo wir mit unserem rolling home stehen. Das ist eigentlich wie bei Schnecken und Schildkr\u00f6ten, die immer ihr Haus dabeihaben und damit immer zuhause sind.<br>Die Familie und Freunde sind wie fixe Sterne. Wir telefonieren oft oder haben FaceTime miteinander. Regelm\u00e4\u00dfig kontrollieren Angeh\u00f6rige den Briefkasten und schauen nach dem Rechten. Wenn es unaufschiebbare Dinge zu regeln gibt, kann das auch aus der Ferne telefonisch oder per Mail erledigt werden.<\/p>\n\n\n\n<p>Die Wohnmobilisten sind eine gro\u00dfe Community, man hilft sich aus, gibt Tipps, wei\u00df Rat, verbringt eine gute Zeit miteinander, geht anschlie\u00dfend seiner eigenen Wege und manchmal trifft man sich auch wieder. Begegnungen mit Ortsans\u00e4ssigen sind ebenso willkommen und manchmal findet eine Unterhaltung mit \u201eH\u00e4nden und F\u00fc\u00dfen\u201c und viel Humor statt. Wir genie\u00dfen diese Unverbindlichkeit. Genau darin liegt der Reiz, sich nicht einlassen zu m\u00fcssen. Das Leben ist so kompliziert geworden mit all den unfassbar vielen Regeln, Gesetzen und Vorschriften. \u201eWir sind dann mal weg\u201c, hei\u00df auch, nicht sofort auf Anfragen etc. antworten, reagieren zu \u201em\u00fcssen\u201c. Wir haben vereinbart, wenn es etwas ganz Wichtiges gibt, wird telefoniert.<br>Einsamkeit haben wir bisher noch nicht empfunden. Es ist ein langsameres Leben, das uns in seiner Einfachheit inspiriert und bereichert.<\/p>\n\n\n\n<p>Uta<\/p>\n\n\n\n<p>Die Verfasserin hat im Kurs \u201ekreativ schreiben\u201c an der VHS Schorndorf ihr erz\u00e4hlerisches Talent erprobt. Sie will mit den Gernschreiberinnen der Gruppe 7punkt3 Kontakt halten und ist der Bitte nachgekommen, uns teilhaben zu lassen an dem Lebensgef\u00fchl unterwegs.<\/p>\n\n\n\n<p>Renate Schauer<br>PS.: 767.325 Wohnmobile gab es 2022 laut Martin Kord,&nbsp;statista.com in Deutschland \u2013 ein neuer Rekord.<\/p>\n\n\n\n<figure class=\"wp-block-image size-large is-resized\"><a href=\"https:\/\/blog.journalismus-und-mehr.com\/wp-content\/uploads\/2023\/01\/20230113_152447.jpg\"><img loading=\"lazy\" decoding=\"async\" src=\"https:\/\/blog.journalismus-und-mehr.com\/wp-content\/uploads\/2023\/01\/20230113_152447-1024x1018.jpg\" alt=\"\" class=\"wp-image-1918\" width=\"768\" height=\"764\" srcset=\"https:\/\/blog.journalismus-und-mehr.com\/wp-content\/uploads\/2023\/01\/20230113_152447-1024x1018.jpg 1024w, https:\/\/blog.journalismus-und-mehr.com\/wp-content\/uploads\/2023\/01\/20230113_152447-300x298.jpg 300w, https:\/\/blog.journalismus-und-mehr.com\/wp-content\/uploads\/2023\/01\/20230113_152447-150x150.jpg 150w, https:\/\/blog.journalismus-und-mehr.com\/wp-content\/uploads\/2023\/01\/20230113_152447-768x763.jpg 768w, https:\/\/blog.journalismus-und-mehr.com\/wp-content\/uploads\/2023\/01\/20230113_152447-1536x1526.jpg 1536w, https:\/\/blog.journalismus-und-mehr.com\/wp-content\/uploads\/2023\/01\/20230113_152447.jpg 1939w\" sizes=\"auto, (max-width: 768px) 100vw, 768px\" \/><\/a><\/figure>\n","protected":false},"excerpt":{"rendered":"<p>Drei Monate Rundreise in Schweden, Norwegen und Finnland. Als mir Freunde von dem Vorhaben erz\u00e4hlten, dachte ich nicht an Fjorde, Elche, Denkm\u00e4ler. Vielmehr fragte ich mich, ob das an ihrer Verwurzelung r\u00fchrt und was es mit ihren sozialen Beziehungen macht. \u201eEinsamkeit\u201c kam mir als Stichwort in den Sinn bzw. ein Zur\u00fcckgeworfensein auf sich selbst und [&hellip;]<\/p>\n","protected":false},"author":73,"featured_media":0,"comment_status":"closed","ping_status":"closed","sticky":false,"template":"","format":"standard","meta":{"_s2mail":"yes","footnotes":""},"categories":[6],"tags":[1250,1255,810,1252,1251],"class_list":["post-1919","post","type-post","status-publish","format-standard","hentry","category-alltag","tag-fernweh","tag-langsamkeit","tag-neugier","tag-unterwegs","tag-wohnmobil"],"_links":{"self":[{"href":"https:\/\/blog.journalismus-und-mehr.com\/index.php\/wp-json\/wp\/v2\/posts\/1919","targetHints":{"allow":["GET"]}}],"collection":[{"href":"https:\/\/blog.journalismus-und-mehr.com\/index.php\/wp-json\/wp\/v2\/posts"}],"about":[{"href":"https:\/\/blog.journalismus-und-mehr.com\/index.php\/wp-json\/wp\/v2\/types\/post"}],"author":[{"embeddable":true,"href":"https:\/\/blog.journalismus-und-mehr.com\/index.php\/wp-json\/wp\/v2\/users\/73"}],"replies":[{"embeddable":true,"href":"https:\/\/blog.journalismus-und-mehr.com\/index.php\/wp-json\/wp\/v2\/comments?post=1919"}],"version-history":[{"count":5,"href":"https:\/\/blog.journalismus-und-mehr.com\/index.php\/wp-json\/wp\/v2\/posts\/1919\/revisions"}],"predecessor-version":[{"id":1924,"href":"https:\/\/blog.journalismus-und-mehr.com\/index.php\/wp-json\/wp\/v2\/posts\/1919\/revisions\/1924"}],"wp:attachment":[{"href":"https:\/\/blog.journalismus-und-mehr.com\/index.php\/wp-json\/wp\/v2\/media?parent=1919"}],"wp:term":[{"taxonomy":"category","embeddable":true,"href":"https:\/\/blog.journalismus-und-mehr.com\/index.php\/wp-json\/wp\/v2\/categories?post=1919"},{"taxonomy":"post_tag","embeddable":true,"href":"https:\/\/blog.journalismus-und-mehr.com\/index.php\/wp-json\/wp\/v2\/tags?post=1919"}],"curies":[{"name":"wp","href":"https:\/\/api.w.org\/{rel}","templated":true}]}}