{"id":1745,"date":"2020-11-04T23:03:09","date_gmt":"2020-11-04T21:03:09","guid":{"rendered":"https:\/\/blog.journalismus-und-mehr.com\/?p=1745"},"modified":"2020-11-05T10:41:57","modified_gmt":"2020-11-05T08:41:57","slug":"nachvollziehbare-bahn","status":"publish","type":"post","link":"https:\/\/blog.journalismus-und-mehr.com\/index.php\/archives\/1745","title":{"rendered":"Nachvollziehbare Bahn"},"content":{"rendered":"\n<p>\u201eHaben Sie eine Kundenkarte?\u201c Die Kassiererin ist nicht sauer, als ich den Kopf sch\u00fcttle, und zieht die Artikel \u00fcber den Scanner. Ich m\u00f6chte nicht, dass ein Konzern registriert, was ich konsumiere. Im Versandhandel kann ich allerdings nicht ausweichen, wenn gewisse Umst\u00e4nde zu Bestellungen dort Anlass geben. Oder haben Sie schon mal in einem Gesch\u00e4ft eine Nasenbr\u00fccke gesehen, die man unter die Mund-Nasen-Maske schiebt, damit die Brille nicht beschl\u00e4gt? Wenn ja, kostete die dort ebenfalls nur 2,17 \u20ac? *<\/p>\n\n\n\n<div class=\"wp-block-image\"><figure class=\"aligncenter size-medium\"><img loading=\"lazy\" decoding=\"async\" width=\"225\" height=\"300\" src=\"https:\/\/blog.journalismus-und-mehr.com\/wp-content\/uploads\/2020\/11\/sauhund-Roland-Krause-225x300.jpg\" alt=\"\" class=\"wp-image-1750\" srcset=\"https:\/\/blog.journalismus-und-mehr.com\/wp-content\/uploads\/2020\/11\/sauhund-Roland-Krause-225x300.jpg 225w, https:\/\/blog.journalismus-und-mehr.com\/wp-content\/uploads\/2020\/11\/sauhund-Roland-Krause-768x1024.jpg 768w, https:\/\/blog.journalismus-und-mehr.com\/wp-content\/uploads\/2020\/11\/sauhund-Roland-Krause-1152x1536.jpg 1152w, https:\/\/blog.journalismus-und-mehr.com\/wp-content\/uploads\/2020\/11\/sauhund-Roland-Krause-1536x2048.jpg 1536w, https:\/\/blog.journalismus-und-mehr.com\/wp-content\/uploads\/2020\/11\/sauhund-Roland-Krause-scaled.jpg 1920w\" sizes=\"auto, (max-width: 225px) 100vw, 225px\" \/><\/figure><\/div>\n\n\n\n<p>Allerdings verdichten sich nun ausgerechnet bei Amazon, dem vielkritisierten Konzern,  die Anzeichen, dass ich im Moment eifrig auf kriminellen Pfaden unterwegs bin. Begonnen hat das mit dem Roman \u201eDas Ding \u2013 Der Tag, an dem ich Donald Trump bestahl\u201c von J\u00fcrgen Neffe, gefolgt von \u201eTod und Irrtum\u201c (historischer Roman von Elke Weigel) und \u201eBegegnungen mit einem M\u00f6rder\u201c von Steffen Schr\u00f6der sowie j\u00fcngst \u201eUnheil: Warum jeder zum M\u00f6rder werden kann\u201c von Josef Wilfling. Ich k\u00f6nnte diese Kette leicht erkl\u00e4ren und auch darauf verweisen, dass ich parallel dazu andere B\u00fccher aus der B\u00fccherei entlieh und weitere in meiner \u00f6rtlichen Buchhandlung kaufte (also nicht einseitig lese). Aber wen interessiert das? Allein die Tatsache, dass ich vor dem Einschlafen liegend einen Krampf in der Hand kriege, wenn ich gedruckte B\u00fccher lange vors Gesicht halte, beschert Amazon jenen Umsatz, denn ich eigentlich dem Einzelhandel g\u00f6nne. (Wobei man wiederum philosophieren mag, ob es nicht grunds\u00e4tzlich \u201eges\u00fcnder\u201c ist, sich etwas liefern zu lassen, anstatt vermeidbare Fahrten zu Eink\u00e4ufen vor Ort zu unternehmen.)<\/p>\n\n\n\n<div class=\"wp-block-image\"><figure class=\"aligncenter size-medium\"><img loading=\"lazy\" decoding=\"async\" width=\"188\" height=\"300\" src=\"https:\/\/blog.journalismus-und-mehr.com\/wp-content\/uploads\/2020\/11\/im-Untergrund_Patrizia-Schlosser-188x300.jpg\" alt=\"\" class=\"wp-image-1749\" srcset=\"https:\/\/blog.journalismus-und-mehr.com\/wp-content\/uploads\/2020\/11\/im-Untergrund_Patrizia-Schlosser-188x300.jpg 188w, https:\/\/blog.journalismus-und-mehr.com\/wp-content\/uploads\/2020\/11\/im-Untergrund_Patrizia-Schlosser-643x1024.jpg 643w, https:\/\/blog.journalismus-und-mehr.com\/wp-content\/uploads\/2020\/11\/im-Untergrund_Patrizia-Schlosser-768x1223.jpg 768w, https:\/\/blog.journalismus-und-mehr.com\/wp-content\/uploads\/2020\/11\/im-Untergrund_Patrizia-Schlosser.jpg 924w\" sizes=\"auto, (max-width: 188px) 100vw, 188px\" \/><\/figure><\/div>\n\n\n\n<p>Doch dieser Tage geht es sowieso um das Nachvollziehbare, weil Infektionsketten unterbrochen werden m\u00fcssen. Man merke sich also (Achtung satirisch!), an wem man in der Fu\u00dfg\u00e4ngerzone vorbei l\u00e4uft und wer im Supermarkt zu nahe an das Regal herantritt, an dem wir gerade Preise vergleichen, Inhaltsangaben auf Verpackungen lesen etc. Wir sind also auf der Hut, falls wir nicht von den Zweifeln der Corona-Leugner infiziert sind.<\/p>\n\n\n\n<p>Dieses st\u00e4ndige Aufderhutsein ist jedoch anstrengend und beg\u00fcnstigt Misstrauen: Warum hustet der Mensch in der Nachbarwohnung heute schon zum zweiten Mal laut und vernehmlich? Woher kommt Herr M\u00fcller von gegen\u00fcber, der gerade mit einem Rollkoffer einem Taxi entsteigt? Leben die zwei H\u00e4ndchenhaltenden an der Fu\u00dfg\u00e4ngerampel wirklich im gleichen Haushalt? Grrr \u2013 die Anspannung ebbt an keinem Schauplatz ab! Vielleicht mag man sich bald selbst nicht mehr leiden mit all der Skepsis und dem Abgekapseltsein.<\/p>\n\n\n\n<p>\u201eBleib negativ\u201c ist inzwischen ein vielgeh\u00f6rter Abschiedsgru\u00df. Nat\u00fcrlich bezogen auf das Virus. Ein Wunsch mit Widerhaken, wenn man ihn erstmals h\u00f6rt. M\u00f6ge er zum Gegenteil anstacheln, n\u00e4mlich auf der Suche nach Positivem nicht nachzulassen, um dadurch das Bedr\u00fcckende in den Hintergrund treten zu lassen. Daf\u00fcr eignet sich besonders das Eintauchen in Literatur! In diesem Sinne darf auch die Lust auf Mord und Totschlag grassieren; der Krimi-Markt ist reichhaltig best\u00fcckt \u2013 unter anderem pr\u00e4sentiert &nbsp;Schorlau eine neue Herausforderung f\u00fcr seinen Privatermittler Georg Dengler w\u00e4hrend <strong>\u201eEin abgezockter Sauhund\u201c<\/strong> (Cover siehe oben) von Roland Krause uns eintauchen l\u00e4sst in die Szene von M\u00fcnchner Kleinkriminellen bei der Jagd nach Diebesbeute &amp; last but not least (Schwenk in ein anderes Genre und und in die Vergangenheit) lesen sich die \u201eSpiegeljahre\u201c von Felix Huby fast wie ein Krimi.<\/p>\n\n\n\n<p>* Preisfrage: Darf man \u00fcberhaupt so billig einkaufen? Wer in der Produktionskette wird hierbei am meisten ausgebeutet? Unbeschwert konsumieren f\u00fchlt sich anders an.<\/p>\n\n\n\n<p><em><span style=\"background-color:#ffffff\" class=\"tadv-background-color\"><span style=\"color:#0693e3\" class=\"tadv-color\">PS.: <\/span><span style=\"color:#000000\" class=\"tadv-color\">Ungew\u00f6hnlich, aber <strong>lohnend-aufschlussreich<\/strong> fand ich Patrizias Schlossers \u201eDer Arsch von Franz Josef Strau\u00df, die RAF, mein Vater und ich\u201c <strong>(Cover siehe oben)<\/strong>: Wer sind die letzten drei aktiven Mitglieder der RAF, die immer wieder bewaffnet Superm\u00e4rkte und Geldtransporter \u00fcberfallen? Wie \u00fcberleben sie &#8220;im Untergrund&#8221;? Und geh\u00f6ren sie \u00fcberhaupt wirklich zur RAF? Gemeinsam mit ihrem Vater, einem grantelnden bayerischen Polizisten in Rente, macht sich Patrizia Schlosser auf die Suche nach ihnen. Sie trifft Anw\u00e4lte und Ermittler, ehemalige Weggef\u00e4hrten und RAF-Mitglieder und erh\u00e4lt so Einblick in eine verschwiegene Szene.\u00a0<\/span><\/span><\/em><\/p>\n\n\n\n<p><span style=\"color:#000000\" class=\"tadv-color\">&gt;&gt; <strong><span style=\"background-color:#fcb900\" class=\"tadv-background-color\">Wer \u00fcbrigens selbst einen Krimi schreiben und dazu Fachliteratur zu Rate ziehen will,<\/span><\/strong> <\/span>ist gut bedient mit <strong>&#8220;An Arsen bis Zielfahndung &#8211; Das aktuelle Handbuch f\u00fcr Krimiautorinnen und Neugierige&#8221;<\/strong> von Manfred B\u00fcttner und Christine Lehmann.  Auf vergn\u00fcgliche und spannende Weise entschl\u00fcsseln sie die Krimiwelt, entlarven M\u00e4rchen und Vorurteile. Sogar die trockensten Aspekte der Polizeiarbeit fand ich einpr\u00e4gsam erkl\u00e4rt, zumal die Fakten mit s\u00fcffigen Beispielen aus Literatur und Film aufgelockert sind.<\/p>\n","protected":false},"excerpt":{"rendered":"<p>\u201eHaben Sie eine Kundenkarte?\u201c Die Kassiererin ist nicht sauer, als ich den Kopf sch\u00fcttle, und zieht die Artikel \u00fcber den Scanner. Ich m\u00f6chte nicht, dass ein Konzern registriert, was ich konsumiere. Im Versandhandel kann ich allerdings nicht ausweichen, wenn gewisse Umst\u00e4nde zu Bestellungen dort Anlass geben. Oder haben Sie schon mal in einem Gesch\u00e4ft eine [&hellip;]<\/p>\n","protected":false},"author":2,"featured_media":0,"comment_status":"closed","ping_status":"closed","sticky":false,"template":"","format":"standard","meta":{"_s2mail":"yes","footnotes":""},"categories":[1,8],"tags":[1175,1182,1178,1174,362,1181,1176,1169,1171,1183,1180,1168,1179,367,1172,1177,1170,1167,1173,1184],"class_list":["post-1745","post","type-post","status-publish","format-standard","hentry","category-allgemein","category-literatur","tag-amazon","tag-buettner-manfred","tag-historischer-roman","tag-huby-felix","tag-krimi","tag-lehmann-christine","tag-maske","tag-mord","tag-neffe-juergen","tag-polizeiarbeit","tag-raf","tag-sauhund","tag-schlosser-patrizia","tag-schorlau","tag-schroeder-steffen","tag-spiegeljahre","tag-totschlag","tag-trump","tag-weigel-elke","tag-zielfahndung"],"_links":{"self":[{"href":"https:\/\/blog.journalismus-und-mehr.com\/index.php\/wp-json\/wp\/v2\/posts\/1745","targetHints":{"allow":["GET"]}}],"collection":[{"href":"https:\/\/blog.journalismus-und-mehr.com\/index.php\/wp-json\/wp\/v2\/posts"}],"about":[{"href":"https:\/\/blog.journalismus-und-mehr.com\/index.php\/wp-json\/wp\/v2\/types\/post"}],"author":[{"embeddable":true,"href":"https:\/\/blog.journalismus-und-mehr.com\/index.php\/wp-json\/wp\/v2\/users\/2"}],"replies":[{"embeddable":true,"href":"https:\/\/blog.journalismus-und-mehr.com\/index.php\/wp-json\/wp\/v2\/comments?post=1745"}],"version-history":[{"count":11,"href":"https:\/\/blog.journalismus-und-mehr.com\/index.php\/wp-json\/wp\/v2\/posts\/1745\/revisions"}],"predecessor-version":[{"id":1764,"href":"https:\/\/blog.journalismus-und-mehr.com\/index.php\/wp-json\/wp\/v2\/posts\/1745\/revisions\/1764"}],"wp:attachment":[{"href":"https:\/\/blog.journalismus-und-mehr.com\/index.php\/wp-json\/wp\/v2\/media?parent=1745"}],"wp:term":[{"taxonomy":"category","embeddable":true,"href":"https:\/\/blog.journalismus-und-mehr.com\/index.php\/wp-json\/wp\/v2\/categories?post=1745"},{"taxonomy":"post_tag","embeddable":true,"href":"https:\/\/blog.journalismus-und-mehr.com\/index.php\/wp-json\/wp\/v2\/tags?post=1745"}],"curies":[{"name":"wp","href":"https:\/\/api.w.org\/{rel}","templated":true}]}}