{"id":1670,"date":"2019-10-09T11:17:46","date_gmt":"2019-10-09T09:17:46","guid":{"rendered":"http:\/\/blog.journalismus-und-mehr.com\/?p=1670"},"modified":"2019-10-09T11:17:46","modified_gmt":"2019-10-09T09:17:46","slug":"widerspenstiges-zaehmen","status":"publish","type":"post","link":"https:\/\/blog.journalismus-und-mehr.com\/index.php\/archives\/1670","title":{"rendered":"Widerspenstiges z\u00e4hmen"},"content":{"rendered":"\n<p>\u201eVive la Freundschaft\u201c ist dieses Semester in der VHS\nSchorndorf \u00fcberschrieben. Was fiel mir dazu ein? Charles de Gaulle (1890-1970)\nund Konrad Adenauer \u2013 lange her. Als Kinder haben wir in der Schule geh\u00f6rt,\ndass die deutsch-franz\u00f6sische Freundschaft nun mit besonderem Augenmerk\naufgebaut und gepflegt werde, nachdem die Epoche der \u201eErbfeindschaft\u201c endlich\n\u00fcberwunden sein m\u00fcsse. 1963 strahlten die ehemaligen Feinde \u00fcber dem\n\u00c8lys\u00e9e-Vertrag. &nbsp;<\/p>\n\n\n\n<p>Doch \u201eVive la Freundschaft\u201c in heutigen Zeiten strahlt\nweiter. Schlie\u00dflich haben wir neue Verteilungsk\u00e4mpfe rund um die Welt. Und es\ngibt Streit, wo Fl\u00fcchtlinge an Land gehen d\u00fcrfen und wo sie unterkommen k\u00f6nnen.\nDazwischen diese Greta, die geliebt und gehasst wird, weil sie mahnt, was man\nseit Jahrzehnten verschlafen hat. <\/p>\n\n\n\n<p>Also geht es um die Abwehr von Fremdem ganz allgemein, denn\ndas Vers\u00e4umte ist uns ja seither auch fremd gewesen. \u201eWo die Angst ist, da ist\nder Weg\u201c \u2013 ein alter Psychologen-Spruch, an dem viel Wahres ist. Damit begann\nmein Kopfzerbrechen, was ich in diesem Semester als Thema im Kurs \u201ekreativ\nschreiben\u201c in Schorndorf anschneiden soll.<\/p>\n\n\n\n<p>Nun starten wie heute Abend damit >> <strong>Widerspenstiges z\u00e4hmen. <\/strong>Wenn aus Gegnern Freunde geworden sind, erklingt ein neuer Ton. Beim Tagebuchschreiben ist er zu h\u00f6ren, sobald die Einsicht in die zwei Seiten einer Medaille w\u00e4chst. Plus und Minus, Geben und Nehmen werden sichtbar \u2013 fesselnd und dennoch freischwebend. <\/p>\n\n\n\n<p>Die Literatur ist voll von Widersachern und Widerspenstigem. Das schafft Spannung auf dem Weg zu neuen Horizonten. Wir experimentieren damit, trainieren Sprachgef\u00fchl und Textst\u00e4rke, g\u00f6nnen uns Lockerungs\u00fcbungen und lernen, unserem Ton zu vertrauen und Grenzen spielerisch zu \u00fcberwinden. (Text-Ende)<\/p>\n\n\n\n<p>Es geht also im Grunde um <strong>Gef\u00fchle<\/strong>. Je genauer man die bei sich selbst und anderen identifizieren kann, desto sicherer kann man sie sortieren und gewichten. Ich bin sehr gespannt, was bei unseren \u00dcbungen herauskommt. Denn wir arbeiten bereits wieder auf unsere <strong>n\u00e4chste Lesung<\/strong> hin. Die findet am 23.9.2020 statt.<\/p>\n","protected":false},"excerpt":{"rendered":"<p>\u201eVive la Freundschaft\u201c ist dieses Semester in der VHS Schorndorf \u00fcberschrieben. Was fiel mir dazu ein? Charles de Gaulle (1890-1970) und Konrad Adenauer \u2013 lange her. Als Kinder haben wir in der Schule geh\u00f6rt, dass die deutsch-franz\u00f6sische Freundschaft nun mit besonderem Augenmerk aufgebaut und gepflegt werde, nachdem die Epoche der \u201eErbfeindschaft\u201c endlich \u00fcberwunden sein m\u00fcsse. [&hellip;]<\/p>\n","protected":false},"author":2,"featured_media":0,"comment_status":"closed","ping_status":"closed","sticky":false,"template":"","format":"standard","meta":{"_s2mail":"yes","footnotes":""},"categories":[1,8],"tags":[],"class_list":["post-1670","post","type-post","status-publish","format-standard","hentry","category-allgemein","category-literatur"],"_links":{"self":[{"href":"https:\/\/blog.journalismus-und-mehr.com\/index.php\/wp-json\/wp\/v2\/posts\/1670","targetHints":{"allow":["GET"]}}],"collection":[{"href":"https:\/\/blog.journalismus-und-mehr.com\/index.php\/wp-json\/wp\/v2\/posts"}],"about":[{"href":"https:\/\/blog.journalismus-und-mehr.com\/index.php\/wp-json\/wp\/v2\/types\/post"}],"author":[{"embeddable":true,"href":"https:\/\/blog.journalismus-und-mehr.com\/index.php\/wp-json\/wp\/v2\/users\/2"}],"replies":[{"embeddable":true,"href":"https:\/\/blog.journalismus-und-mehr.com\/index.php\/wp-json\/wp\/v2\/comments?post=1670"}],"version-history":[{"count":1,"href":"https:\/\/blog.journalismus-und-mehr.com\/index.php\/wp-json\/wp\/v2\/posts\/1670\/revisions"}],"predecessor-version":[{"id":1671,"href":"https:\/\/blog.journalismus-und-mehr.com\/index.php\/wp-json\/wp\/v2\/posts\/1670\/revisions\/1671"}],"wp:attachment":[{"href":"https:\/\/blog.journalismus-und-mehr.com\/index.php\/wp-json\/wp\/v2\/media?parent=1670"}],"wp:term":[{"taxonomy":"category","embeddable":true,"href":"https:\/\/blog.journalismus-und-mehr.com\/index.php\/wp-json\/wp\/v2\/categories?post=1670"},{"taxonomy":"post_tag","embeddable":true,"href":"https:\/\/blog.journalismus-und-mehr.com\/index.php\/wp-json\/wp\/v2\/tags?post=1670"}],"curies":[{"name":"wp","href":"https:\/\/api.w.org\/{rel}","templated":true}]}}