{"id":1652,"date":"2019-07-05T09:45:09","date_gmt":"2019-07-05T07:45:09","guid":{"rendered":"http:\/\/blog.journalismus-und-mehr.com\/?p=1652"},"modified":"2019-07-08T13:52:46","modified_gmt":"2019-07-08T11:52:46","slug":"die-realitaet-hat-pause","status":"publish","type":"post","link":"https:\/\/blog.journalismus-und-mehr.com\/index.php\/archives\/1652","title":{"rendered":"Die Realit\u00e4t hat Pause"},"content":{"rendered":"\n<p>Es gibt Antworten zum Stirnrunzeln. Beispiel: \u201eDas Leben ist kein Wunschkonzert.\u201c Trotzdem tr\u00e4umen wir, hegen W\u00fcnsche, machen uns Hoffnungen \u2026 Das alles haben wir fr\u00fcher festgehalten im Tagebuch. Heute best\u00fcckt man damit facebook und dergleichen. Doch dar\u00fcber hinaus gibt es noch Ausgefeilteres, um die Feder schweifen zu lassen. Und nicht selten flie\u00dft \u00dcberraschendes heraus, wenn man sie nur walten l\u00e4sst. Deshalb habe ich mir den Workshop \u201eWir schreiben uns das Leben sch\u00f6n\u201c ausgedacht.<\/p>\n\n\n\n<p>Der Realit\u00e4t ein\nSchnippchen schlagen und fantasieren, was w\u00e4re (gewesen) wenn &#8230; Neue\nPerspektiven ausprobieren und spielerisch neue Welten erschaffen &#8211; unter dem\nEinfluss verschiedener Tageszeiten:<\/p>\n\n\n\n<p>Mittags &#8211; &#8220;High Noon&#8221;: Wir spitzen zu, \u00fcberzeichnen, atmen H\u00f6henluft.<\/p>\n\n\n\n<p>Morgens &#8211; &#8220;Early bird&#8221;: Wir r\u00e4keln uns leisen Themen entgegen, reflektieren Tr\u00e4ume.<\/p>\n\n\n\n<p>Abends &#8211; &#8220;Lazy\nAfternoon&#8221;: Wir schreiben uns das Leben sch\u00f6n!<\/p>\n\n\n\n<p>Kreativ schreiben will ge\u00fcbt sein &#8211; Lockerungs\u00fcbungen inbegriffen. In diesem Sinne widmen wir uns Handwerklichem wie Ausdruck &amp; Spannungsbogen, verdichten &amp; zoomen usw.<\/p>\n\n\n\n<p>Samstag, 27.07.2019, 12.00-13.45 Uhr<\/p>\n\n\n\n<p>Samstag, 03.08.2019, 09.15-11.00 Uhr<\/p>\n\n\n\n<p>Donnerstag, 08.08.2019, 19.00-20.45 Uhr, 3-mal<\/p>\n\n\n\n<p>Waiblingen,\nB\u00fcrgerm\u00fchlenweg 4, vhs, R. 2.17<\/p>\n\n\n\n<p>Geb\u00fchr: 48,00 \u20ac (max. 11 Teiln.)<\/p>\n\n\n\n<p>Anmeldung zu\nKurs-Nr. 19F25005 direkt bei der vhs unter <a href=\"http:\/\/www.vhs-unteres-remstal.de\" target=\"_blank\" rel=\"noreferrer noopener\">www.vhs-unteres-remstal.de<\/a> oder per Telefon 07151\n95880-0 m\u00f6glich.<\/p>\n","protected":false},"excerpt":{"rendered":"<p>Es gibt Antworten zum Stirnrunzeln. Beispiel: \u201eDas Leben ist kein Wunschkonzert.\u201c Trotzdem tr\u00e4umen wir, hegen W\u00fcnsche, machen uns Hoffnungen \u2026 Das alles haben wir fr\u00fcher festgehalten im Tagebuch. Heute best\u00fcckt man damit facebook und dergleichen. Doch dar\u00fcber hinaus gibt es noch Ausgefeilteres, um die Feder schweifen zu lassen. Und nicht selten flie\u00dft \u00dcberraschendes heraus, wenn [&hellip;]<\/p>\n","protected":false},"author":2,"featured_media":0,"comment_status":"closed","ping_status":"closed","sticky":false,"template":"","format":"standard","meta":{"_s2mail":"yes","footnotes":""},"categories":[7,8],"tags":[815,1099,1100],"class_list":["post-1652","post","type-post","status-publish","format-standard","hentry","category-kultur","category-literatur","tag-kurs","tag-sommeratelier","tag-vhs-unteres-remstal"],"_links":{"self":[{"href":"https:\/\/blog.journalismus-und-mehr.com\/index.php\/wp-json\/wp\/v2\/posts\/1652","targetHints":{"allow":["GET"]}}],"collection":[{"href":"https:\/\/blog.journalismus-und-mehr.com\/index.php\/wp-json\/wp\/v2\/posts"}],"about":[{"href":"https:\/\/blog.journalismus-und-mehr.com\/index.php\/wp-json\/wp\/v2\/types\/post"}],"author":[{"embeddable":true,"href":"https:\/\/blog.journalismus-und-mehr.com\/index.php\/wp-json\/wp\/v2\/users\/2"}],"replies":[{"embeddable":true,"href":"https:\/\/blog.journalismus-und-mehr.com\/index.php\/wp-json\/wp\/v2\/comments?post=1652"}],"version-history":[{"count":3,"href":"https:\/\/blog.journalismus-und-mehr.com\/index.php\/wp-json\/wp\/v2\/posts\/1652\/revisions"}],"predecessor-version":[{"id":1659,"href":"https:\/\/blog.journalismus-und-mehr.com\/index.php\/wp-json\/wp\/v2\/posts\/1652\/revisions\/1659"}],"wp:attachment":[{"href":"https:\/\/blog.journalismus-und-mehr.com\/index.php\/wp-json\/wp\/v2\/media?parent=1652"}],"wp:term":[{"taxonomy":"category","embeddable":true,"href":"https:\/\/blog.journalismus-und-mehr.com\/index.php\/wp-json\/wp\/v2\/categories?post=1652"},{"taxonomy":"post_tag","embeddable":true,"href":"https:\/\/blog.journalismus-und-mehr.com\/index.php\/wp-json\/wp\/v2\/tags?post=1652"}],"curies":[{"name":"wp","href":"https:\/\/api.w.org\/{rel}","templated":true}]}}