{"id":1374,"date":"2016-12-11T13:23:21","date_gmt":"2016-12-11T11:23:21","guid":{"rendered":"http:\/\/blog.journalismus-und-mehr.com\/?p=1374"},"modified":"2017-09-18T20:47:35","modified_gmt":"2017-09-18T18:47:35","slug":"postfaktisch-mezis-kurse-2017","status":"publish","type":"post","link":"https:\/\/blog.journalismus-und-mehr.com\/index.php\/archives\/1374","title":{"rendered":"Postfaktisch \/ MEZIS \/ Kurse 2017"},"content":{"rendered":"<p>F\u00fcr dieses Jahr ist der letzte Kurs gehalten \u2013 neue Termine 2017 siehe unten. Damit ist zwar rein faktisch die Luft etwas raus, wenn auch postfaktisch die Ideen sprie\u00dfen (ja sogar \u201ewuchern\u201c), weil viele Impulse mich erreicht und bereichert haben. Allein: die Zeit dr\u00e4ngt, das Jahr zu Ende zu bringen. Mit manchem Kopfsch\u00fctteln zwar, wor\u00fcber ich mich hier eigentlich aussch\u00fctten m\u00f6chte, was aber wiederum aus Zeitnot unterbleibt. Nur mit LINKs kann ich \u201ewuchern\u201c, immer in der Hoffnung, dass meinen LeserInnen die Zeit reicht, diese aufzurufen.<\/p>\n<p>Zum Auftakt einer zum Wort des Jahres &gt; postfaktisch. Hier kann man sich \u00fcber diverse Ansichten und Erkl\u00e4rungen dazu informieren: <a href=\"https:\/\/www.perlentaucher.de\/9punkt\/2016-12-10.html?nle_id=6916\">https:\/\/www.perlentaucher.de\/9punkt\/2016-12-10.html?nle_id=6916<\/a> Und weil es im letzten Posting um Bettelbriefe und Unterst\u00fctzungsw\u00fcrdiges ging: Ja, den \u201ePerlentaucher\u201c kann man unterst\u00fctzen, er leistet n\u00fctzliche Arbeit, ich lasse mich dar\u00fcber via Newsletter informieren.<\/p>\n<p>Sehr n\u00fctzlich ist auch die Arbeit von MEZIS. Das ist die Abk\u00fcrzung f\u00fcr \u201eMein Essen zahl\u2018 ich selbst\u201c, ein Zusammenschluss unbestechlicher \u00c4rztinnen und \u00c4rzte, von deren Aktivit\u00e4t ich in diesem Blog schon berichtete. Nun hat MEZIS zum Thema \u201eLeben \u2013 Eine Kostenfrage?!\u201c getagt und ein <strong>Manifest f\u00fcr bezahlbare Medikamente und eine bedarfsgerechte Arzneimittelforschung <\/strong>beschlossen, hier nachzulesen: <a href=\"https:\/\/www.mezis.de\/\">https:\/\/www.mezis.de\/<\/a><\/p>\n<p><span style=\"color: #ff0000;\">EIN<\/span> Kopfsch\u00fctteln m\u00f6chte ich aber doch ausbreiten: als ich Mitte November bei einem Facharzt anrief und um einen Termin f\u00fcrs Fr\u00fchjahr bat, erhielt ich zun\u00e4chst die Antwort: \u201eWir sind 2017 aber schon ausgebucht.\u201c Wenn ich schlapp gewesen und schockiert geschwiegen h\u00e4tte, w\u00e4re ich also leer ausgegangen. Das scheint so zu sein wie bei Betrieben, die die festen Wartungstermine ihrer Stamm-Kundschaft im Kalender stehen haben und dar\u00fcber hinaus eigentlich Kundenabwehr betreiben. Wom\u00f6glich, um auf Notf\u00e4lle reagieren zu k\u00f6nnen? Nein, sagte mir ein anderer Facharzt: Wenn Sie akut was haben, m\u00fcssen sie ins Krankenhaus. Dazu passt dann die Debatte um das Verhalten in den Notfallpraxen der Krankenh\u00e4user \u2013 sowohl das der PatientInnen als auch das des diensthabenden Personals. Es ist \u00fcberall schwer, die Spreu vom Weizen zu trennen, und genau hinsehen (differenzieren!) macht M\u00fche!<\/p>\n<p><span style=\"color: #ff0000;\">Kreativ Schreiben &gt; KURSE 2017: <\/span><\/p>\n<p>Aichwald: 11.3. (Sa); Kurs: 22.3. \/ 17.5. \/ 5.7.2017 (Mi)<\/p>\n<p>N\u00f6rdlingen: 25.3. \/ 6.5.2017 (Sa)<\/p>\n<p>Ostfildern: 16.3. \/ 27.4. (Do)<\/p>\n<p>Schorndorf: 8.3. \/ 29.3. \/ 10.5. \/ 31.5. \/ 28.6. (Mi)<\/p>\n","protected":false},"excerpt":{"rendered":"<p>F\u00fcr dieses Jahr ist der letzte Kurs gehalten \u2013 neue Termine 2017 siehe unten. Damit ist zwar rein faktisch die Luft etwas raus, wenn auch postfaktisch die Ideen sprie\u00dfen (ja sogar \u201ewuchern\u201c), weil viele Impulse mich erreicht und bereichert haben. Allein: die Zeit dr\u00e4ngt, das Jahr zu Ende zu bringen. Mit manchem Kopfsch\u00fctteln zwar, wor\u00fcber [&hellip;]<\/p>\n","protected":false},"author":2,"featured_media":0,"comment_status":"open","ping_status":"closed","sticky":false,"template":"","format":"standard","meta":{"_s2mail":"yes","footnotes":""},"categories":[1,6,8],"tags":[959,638,174,960,637,961,963,962],"class_list":["post-1374","post","type-post","status-publish","format-standard","hentry","category-allgemein","category-alltag","category-literatur","tag-arzneimittel","tag-aerzte","tag-kreativ-schreiben","tag-kundenabwehr","tag-mezis","tag-notfallpraxen","tag-perlentaucher","tag-postfaktisch"],"_links":{"self":[{"href":"https:\/\/blog.journalismus-und-mehr.com\/index.php\/wp-json\/wp\/v2\/posts\/1374","targetHints":{"allow":["GET"]}}],"collection":[{"href":"https:\/\/blog.journalismus-und-mehr.com\/index.php\/wp-json\/wp\/v2\/posts"}],"about":[{"href":"https:\/\/blog.journalismus-und-mehr.com\/index.php\/wp-json\/wp\/v2\/types\/post"}],"author":[{"embeddable":true,"href":"https:\/\/blog.journalismus-und-mehr.com\/index.php\/wp-json\/wp\/v2\/users\/2"}],"replies":[{"embeddable":true,"href":"https:\/\/blog.journalismus-und-mehr.com\/index.php\/wp-json\/wp\/v2\/comments?post=1374"}],"version-history":[{"count":4,"href":"https:\/\/blog.journalismus-und-mehr.com\/index.php\/wp-json\/wp\/v2\/posts\/1374\/revisions"}],"predecessor-version":[{"id":1378,"href":"https:\/\/blog.journalismus-und-mehr.com\/index.php\/wp-json\/wp\/v2\/posts\/1374\/revisions\/1378"}],"wp:attachment":[{"href":"https:\/\/blog.journalismus-und-mehr.com\/index.php\/wp-json\/wp\/v2\/media?parent=1374"}],"wp:term":[{"taxonomy":"category","embeddable":true,"href":"https:\/\/blog.journalismus-und-mehr.com\/index.php\/wp-json\/wp\/v2\/categories?post=1374"},{"taxonomy":"post_tag","embeddable":true,"href":"https:\/\/blog.journalismus-und-mehr.com\/index.php\/wp-json\/wp\/v2\/tags?post=1374"}],"curies":[{"name":"wp","href":"https:\/\/api.w.org\/{rel}","templated":true}]}}