{"id":1177,"date":"2014-12-12T18:50:16","date_gmt":"2014-12-12T16:50:16","guid":{"rendered":"http:\/\/blog.journalismus-und-mehr.com\/?p=1177"},"modified":"2017-09-18T20:47:36","modified_gmt":"2017-09-18T18:47:36","slug":"wenn-der-weihnachtsrummel-schwer-zu-verkraften-ist-weil-ein-verlust-alles-verduestert","status":"publish","type":"post","link":"https:\/\/blog.journalismus-und-mehr.com\/index.php\/archives\/1177","title":{"rendered":"Wenn der Weihnachtsrummel schwer zu verkraften ist, weil ein Verlust alles verd\u00fcstert"},"content":{"rendered":"<p><strong><span style=\"color: #993300;\"><em>Jutta Bender, Psychologin und Traueragogin, hat jahrelange Erfahrung in Trauerbegleitung. Sie findet es wichtig, dass jene Menschen in der (Vor-) Weihnachtszeit nicht beiseite gedr\u00e4ngt werden, die sich ganz und gar nicht auf den Festtagsrummel einlassen k\u00f6nnen, weil sie belastet sind, sich wehm\u00fctig f\u00fchlen \u2013 kurz: einen Verlust zu betrauern haben. Dazu schrieb sie einen Text, der nachdenklich stimmt: <\/em><\/span><\/strong><br \/>\n&gt;&gt; Frohe Weihnachten: Ich kenne keine aktuelle Statistik, aber was mir tagt\u00e4glich begegnet, sind Menschen die auf Weihnachten gern verzichten w\u00fcrden. Sind es gar schon mehr als jene die sich freuen?<br \/>\n<strong>Was ist damit gemeint \u2013 auf Weihnachten verzichten?<\/strong> Manche m\u00f6gen den erb\u00e4rmlichen Kitsch nicht mehr sehen. Die alten Lieder, die vielleicht mit sch\u00f6nen Erinnerungen verbunden sind, tun weh; die neuen Songs noch mehr, weil es f\u00fcr viele das nicht gibt, was da \u201egeschnulzt\u201c wird. Und doch schallt es aus allen R\u00f6hren! Wom\u00f6glich ganz alleine unterwegs m\u00f6chte man dem unheiligen Weihnachtsbusiness und Heilig-Morgen-Bes\u00e4ufnis in den St\u00e4dten nur entfliehen!<\/p>\n<p>Doch was anfangen, mit den langen, dunklen Stunden, wenn man alleine ist, oder sich, egal wer da ist, alleine f\u00fchlt. Was tun, wenn das Herz so weh tut.<\/p>\n<p>Was ist passiert? Ein lieber Mensch ist gestorben, oder einfach weggegangen? Leib und Seele sind geschw\u00e4cht? Die Arbeit ist verloren, die Freunde auch? (\u2026)<\/p>\n<p>Und gerade dies beschreibt Weihnachten, (eigentlich) &#8211; n\u00e4mlich, dass es immer wieder Licht wird, dass es Hoffnung gibt, dass gerade in der dunkelsten Nacht, (der Weihenacht) das Licht geboren wurde.<br \/>\nIch w\u00fcnsche dir, dass du trotz trauriger Stunden doch wieder mehr Licht sp\u00fcren wirst.<br \/>\nIch w\u00fcnsche dir, dass du es zulassen kannst, den Funken einzufangen.<br \/>\nF\u00fcr das neue Jahr w\u00fcnsche ich dir dass f\u00fcr dich ganz viele Sterne leuchten und jeden Tag die Hoffnung w\u00e4chst. Und \u2013 falls es verloren war, dass das Vertrauen in dich selbst wieder geboren wird.<br \/>\nUnd wenn es dir gut geht, dann schauen mal nach, ob du jemand die Hand reichen kannst, der sich vor Weihnachten f\u00fcrchtet. &lt;&lt;<\/p>\n<p>Die Verfasserin ist zu finden unter &gt; http:\/\/www.bender-psychologie.de\/<\/p>\n","protected":false},"excerpt":{"rendered":"<p>Jutta Bender, Psychologin und Traueragogin, hat jahrelange Erfahrung in Trauerbegleitung. Sie findet es wichtig, dass jene Menschen in der (Vor-) Weihnachtszeit nicht beiseite gedr\u00e4ngt werden, die sich ganz und gar nicht auf den Festtagsrummel einlassen k\u00f6nnen, weil sie belastet sind, sich wehm\u00fctig f\u00fchlen \u2013 kurz: einen Verlust zu betrauern haben. Dazu schrieb sie einen Text, [&hellip;]<\/p>\n","protected":false},"author":2,"featured_media":0,"comment_status":"open","ping_status":"closed","sticky":false,"template":"","format":"standard","meta":{"_s2mail":"yes","footnotes":""},"categories":[6],"tags":[770,769,337,768,771,120,106,534,767],"class_list":["post-1177","post","type-post","status-publish","format-standard","hentry","category-alltag","tag-bender-jutta","tag-dunkle-stunden","tag-erinnerungen","tag-hand-reichen","tag-herzweh","tag-hoffnung","tag-trauer","tag-weihnachten","tag-weihnachtsrummel"],"_links":{"self":[{"href":"https:\/\/blog.journalismus-und-mehr.com\/index.php\/wp-json\/wp\/v2\/posts\/1177","targetHints":{"allow":["GET"]}}],"collection":[{"href":"https:\/\/blog.journalismus-und-mehr.com\/index.php\/wp-json\/wp\/v2\/posts"}],"about":[{"href":"https:\/\/blog.journalismus-und-mehr.com\/index.php\/wp-json\/wp\/v2\/types\/post"}],"author":[{"embeddable":true,"href":"https:\/\/blog.journalismus-und-mehr.com\/index.php\/wp-json\/wp\/v2\/users\/2"}],"replies":[{"embeddable":true,"href":"https:\/\/blog.journalismus-und-mehr.com\/index.php\/wp-json\/wp\/v2\/comments?post=1177"}],"version-history":[{"count":2,"href":"https:\/\/blog.journalismus-und-mehr.com\/index.php\/wp-json\/wp\/v2\/posts\/1177\/revisions"}],"predecessor-version":[{"id":1179,"href":"https:\/\/blog.journalismus-und-mehr.com\/index.php\/wp-json\/wp\/v2\/posts\/1177\/revisions\/1179"}],"wp:attachment":[{"href":"https:\/\/blog.journalismus-und-mehr.com\/index.php\/wp-json\/wp\/v2\/media?parent=1177"}],"wp:term":[{"taxonomy":"category","embeddable":true,"href":"https:\/\/blog.journalismus-und-mehr.com\/index.php\/wp-json\/wp\/v2\/categories?post=1177"},{"taxonomy":"post_tag","embeddable":true,"href":"https:\/\/blog.journalismus-und-mehr.com\/index.php\/wp-json\/wp\/v2\/tags?post=1177"}],"curies":[{"name":"wp","href":"https:\/\/api.w.org\/{rel}","templated":true}]}}