{"id":1029,"date":"2013-07-11T08:41:21","date_gmt":"2013-07-11T06:41:21","guid":{"rendered":"http:\/\/blog.journalismus-und-mehr.com\/?p=1029"},"modified":"2017-09-18T20:47:38","modified_gmt":"2017-09-18T18:47:38","slug":"unsaglich-aber-leider-wahr","status":"publish","type":"post","link":"https:\/\/blog.journalismus-und-mehr.com\/index.php\/archives\/1029","title":{"rendered":"Uns\u00e4glich, aber leider wahr"},"content":{"rendered":"<p>Das schl\u00e4gt dem Fa\u00df den Boden aus &gt;&gt; http:\/\/url9.de\/Gyq<\/p>\n<p>Schie\u00df\u00fcbung mit der Waschmaschine &#8230; Wie klein doch so ein Ball ist, um den die Welt sich dreht! Als ich den Spot zum ersten mal gesehen habe, war ich sprachlos. Ich finde es sinnlos, dar\u00fcber viele Wort zu verlieren. Das Corpus Delicti spricht f\u00fcr sich. Es soll aber hier festgehalten werden, damit man die Haltung, die dahintersteht, nicht vergisst!<\/p>\n<p>&nbsp;<\/p>\n","protected":false},"excerpt":{"rendered":"<p>Das schl\u00e4gt dem Fa\u00df den Boden aus &gt;&gt; http:\/\/url9.de\/Gyq Schie\u00df\u00fcbung mit der Waschmaschine &#8230; Wie klein doch so ein Ball ist, um den die Welt sich dreht! Als ich den Spot zum ersten mal gesehen habe, war ich sprachlos. Ich finde es sinnlos, dar\u00fcber viele Wort zu verlieren. Das Corpus Delicti spricht f\u00fcr sich. Es [&hellip;]<\/p>\n","protected":false},"author":2,"featured_media":0,"comment_status":"open","ping_status":"closed","sticky":false,"template":"","format":"standard","meta":{"_s2mail":"yes","footnotes":""},"categories":[1],"tags":[619,618,621,620,547],"class_list":["post-1029","post","type-post","status-publish","format-standard","hentry","category-allgemein","tag-damenfusball","tag-fusball","tag-schiesubung","tag-waschmaschine","tag-zdf"],"_links":{"self":[{"href":"https:\/\/blog.journalismus-und-mehr.com\/index.php\/wp-json\/wp\/v2\/posts\/1029","targetHints":{"allow":["GET"]}}],"collection":[{"href":"https:\/\/blog.journalismus-und-mehr.com\/index.php\/wp-json\/wp\/v2\/posts"}],"about":[{"href":"https:\/\/blog.journalismus-und-mehr.com\/index.php\/wp-json\/wp\/v2\/types\/post"}],"author":[{"embeddable":true,"href":"https:\/\/blog.journalismus-und-mehr.com\/index.php\/wp-json\/wp\/v2\/users\/2"}],"replies":[{"embeddable":true,"href":"https:\/\/blog.journalismus-und-mehr.com\/index.php\/wp-json\/wp\/v2\/comments?post=1029"}],"version-history":[{"count":2,"href":"https:\/\/blog.journalismus-und-mehr.com\/index.php\/wp-json\/wp\/v2\/posts\/1029\/revisions"}],"predecessor-version":[{"id":1419,"href":"https:\/\/blog.journalismus-und-mehr.com\/index.php\/wp-json\/wp\/v2\/posts\/1029\/revisions\/1419"}],"wp:attachment":[{"href":"https:\/\/blog.journalismus-und-mehr.com\/index.php\/wp-json\/wp\/v2\/media?parent=1029"}],"wp:term":[{"taxonomy":"category","embeddable":true,"href":"https:\/\/blog.journalismus-und-mehr.com\/index.php\/wp-json\/wp\/v2\/categories?post=1029"},{"taxonomy":"post_tag","embeddable":true,"href":"https:\/\/blog.journalismus-und-mehr.com\/index.php\/wp-json\/wp\/v2\/tags?post=1029"}],"curies":[{"name":"wp","href":"https:\/\/api.w.org\/{rel}","templated":true}]}}