{"id":1015,"date":"2013-05-31T21:10:43","date_gmt":"2013-05-31T19:10:43","guid":{"rendered":"http:\/\/blog.journalismus-und-mehr.com\/?p=1015"},"modified":"2017-09-18T20:47:38","modified_gmt":"2017-09-18T18:47:38","slug":"medizin-wo-gibt-es-denkanstose","status":"publish","type":"post","link":"https:\/\/blog.journalismus-und-mehr.com\/index.php\/archives\/1015","title":{"rendered":"Medizin: wo gibt es Denkanst\u00f6\u00dfe?"},"content":{"rendered":"<p class=\"MsoNormal\">Es wird sich niemand wundern, wenn er Kamillentee trinkt und davon nicht spr\u00fchend-unternehmungslustig wird. Wer aber wegen Schmerzen zum Chirurgen geht und sich anschlie\u00dfend dar\u00fcber beklagt, dass ihm eine Operation vorgeschlagen wurde, hatte sich an die falsche Adresse gewand. Wer einen Arzt aufsucht, bei dem \u201eTraditionelle Chinesische Therapie\u201c auf dem T\u00fcrschild steht, muss damit rechnen, mit Akupunkturnadeln Bekanntschaft zu machen, wer eine Osteopathin zu Rate zieht, sollte auf manuelle Interventionen gefasst sein.\u00a0 <span style=\"color: #0000ff;\">Viele Wege f\u00fchren nach Rom, und wohl dem, der immer wieder eine weiterf\u00fchrende Idee hat.<\/span> <em>Dergestalt haben sich hier Rezensionsexemplare angesammelt, die Anregungen jenseits des G\u00e4ngigen vermitteln. Nachdem ich einige sorgf\u00e4ltig in Augenschein genommen habe, m\u00f6chte ich sie hier kurz erw\u00e4hnen, jeweils mit einem Link auf weitere Infos dazu.<\/em><\/p>\n<p class=\"MsoNormal\"><b style=\"mso-bidi-font-weight: normal;\">Ein \u201everbotenes\u201c Buch<\/b><\/p>\n<p class=\"MsoNormal\">Umdenken dank psychosomatischer Orthop\u00e4die \u2013 Impulse dazu liefert \u201e<strong><span style=\"color: #993366;\">K\u00f6rperschmerz \u2013 Seelenschmerz. Die Psychosomatik des Bewegungssystems<\/span><\/strong>\u201c, ein Leitfaden von Hildegund und Peter Heinl, den es mittlerweile in der 6. Auflage gibt. Nachdem einst ein Orthop\u00e4de sagte: \u201eDas Buch ist f\u00fcr Sie verboten! Sie haben einen wirklichen Defekt an der Wirbels\u00e4ule!\u201c nahm ich es immer wieder zur Hand und las gerne darin, wenn mir auch einige Fachtermini M\u00fche machen. Im Gro\u00dfen und Ganzen leuchten die Ausf\u00fchrungen, Fallbeispiele und Analysen jedoch m\u00fchelos ein, die lebendige Sprache tut der wissenschaftlichen Solidit\u00e4t keinen Abstrich. http:\/\/url9.de\/E8J\u00a0 (K\u00f6sel, Verlagsinfo)<\/p>\n<p class=\"MsoNormal\"><b style=\"mso-bidi-font-weight: normal;\">Schmerzfrei ohne Chemie<\/b><\/p>\n<p class=\"MsoNormal\">Ebenso wenig m\u00f6chte ich auf die Einsichten aus dem Buch \u201e<strong><span style=\"color: #993366;\">Unerkl\u00e4rliche Beschwerden<\/span><\/strong>?\u201c von Helga Pohl verzichten, die die \u201eSensomotorische K\u00f6rpertherapie\u201c entwickelte. Sie widmete sich Dauerkontraktionen in Muskulatur und Bindegewebe, die die K\u00f6rperwahrnehmung und Bewegungssteuerung st\u00f6ren. Aufgrund von unbewussten seelisch-k\u00f6rperlichen Spannungsmustern wiederholt und manifestiert der Patient, was zu (chronischen) Beschwerden f\u00fchrt. Diesen Kreislauf aufzul\u00f6sen hat sich Pohl in ihrem K\u00f6rpertherapie-Zentrum zur Aufgabe gemacht. Auf ihrer homepage http:\/\/url9.de\/E8N findet man ausf\u00fchrliche Informationen zu ihren Methoden und sogar \u00dcbungen f\u00fcr Schmerzgeplagte (Video). Das ausf\u00fchrliche Werk mit dem Untertitel &#8220;Chronische Beschwerdenund andere Leiden k\u00f6rpertherapeutisch verstehen und behandeln&#8221; erschien bei MensSana\/Knaur.<\/p>\n<p class=\"MsoNormal\"><b style=\"mso-bidi-font-weight: normal;\">Silber schm\u00fcckt nicht nur<\/b><\/p>\n<p class=\"MsoNormal\">Eines Tages hatte ich eine Verabredung, zu der ich unter keinen Umst\u00e4nden mit einer Erk\u00e4ltung kommen durfte. Diese k\u00fcndigte sich jedoch morgens mit einem Kratzen im Hals an. Ein Anruf bei einer Heilpraktikerin: ich erhielt das Allheilmittel \u201e<span style=\"color: #993366;\"><strong>Kolloidales Silber<\/strong><\/span>\u201c. Es zauberte meine Beschwerden binnen 45 Minuten weg! Die Erk\u00e4ltung blieb mir ingesamt erspart! Inzwischen habe ich gelernt, das Mittel selbst herzustellen. Es wirkt antibiotisch, hemmt Entz\u00fcndungen und st\u00e4rkt das Immunsystem. Ein fundiertes Buch gibt dar\u00fcber seri\u00f6s Auskunft: J. Pies, Uwe Reinelt. Kolloidales Silber, VAK Verlag, erweiterte Neuauflage 2013 &gt; http:\/\/url9.de\/E91<\/p>\n<p class=\"MsoNormal\"><b style=\"mso-bidi-font-weight: normal;\">Denken Sie negativ!<\/b><\/p>\n<p class=\"MsoNormal\">Unter der Vielzahl der Anti-Stress-B\u00fccher gibt es einen Pfiffikus, der klein und rot auf die Welt kam und mit Ironie und Humor Widerhaken setzt: <span style=\"color: #993366;\"><strong>12 Goldene Regeln f\u00fcr Stress-Junkies<\/strong><\/span>. Doris Kirch fordert mit Ihrem Anti-Ratgeber dazu auf: \u201eSteigern Sie ihren t\u00e4glichen Adrenalin-Kick!\u201c. Aufgepasst, hier wird gegen den Strich geb\u00fcrstet! Wer betroffen ist, darf sich ertappt f\u00fchlen, muss es aber nicht zugeben. Denn die ruin\u00f6se Tour wird ja propagiert, so dass man mit ihr auf Augenh\u00f6he ist. Ein teuflisches Vergn\u00fcgen f\u00fcr schnelle Selbsterkenntnis aus dem Mankau-Verlag. Die Autorin leitet das Fachzentrum f\u00fcr Stressbew\u00e4ltigung, Achtsamkeit und Pers\u00f6nlichkeitsentwicklung.\u00a0 http:\/\/www.dfme.de\/<\/p>\n<p class=\"MsoNormal\"><b style=\"mso-bidi-font-weight: normal;\">Fighting for Mental Health<\/b><\/p>\n<p class=\"MsoNormal\">Schon seit 2002 beleuchtet dieses Grundsatzwerk von Norman Sartorius Sinn, Nutzen, Potential und Defizite der Psychiatrie. Schattauer brachte es mit dem Titel \u201e<strong><span style=\"color: #993366;\">Seelische Gesundheit. Standort und Perspektiven<\/span><\/strong>\u201c 2012 auf den deutschen Markt. Es ist anspruchsvoll, aber gut lesbar, weil klar strukturiert und verst\u00e4ndlich formuliert. Scharfsinnig stellt der Autor Anforderungen, Realit\u00e4t und M\u00f6glichkeiten einander gegen\u00fcber. Es geht um Politik &amp; Ethos, Kompetenzgerangel versus interdisziplin\u00e4re Zusammenarbeit u.v.m. Pr\u00e4dikat: verdient besondere Beachtung! http:\/\/url9.de\/E9f<\/p>\n","protected":false},"excerpt":{"rendered":"<p>Es wird sich niemand wundern, wenn er Kamillentee trinkt und davon nicht spr\u00fchend-unternehmungslustig wird. Wer aber wegen Schmerzen zum Chirurgen geht und sich anschlie\u00dfend dar\u00fcber beklagt, dass ihm eine Operation vorgeschlagen wurde, hatte sich an die falsche Adresse gewand. Wer einen Arzt aufsucht, bei dem \u201eTraditionelle Chinesische Therapie\u201c auf dem T\u00fcrschild steht, muss damit rechnen, [&hellip;]<\/p>\n","protected":false},"author":2,"featured_media":0,"comment_status":"open","ping_status":"closed","sticky":false,"template":"","format":"standard","meta":{"_s2mail":"yes","footnotes":""},"categories":[6,8],"tags":[606,617,611,612,590,613,615,609,607,616,608,614],"class_list":["post-1015","post","type-post","status-publish","format-standard","hentry","category-alltag","category-literatur","tag-akupunktur","tag-doris-kirch","tag-heinl","tag-helga-pohl","tag-knaur","tag-kolloidales-silber","tag-mankau-verlag","tag-orthopadie","tag-sartorius","tag-schattauer","tag-seelische-gesundheit","tag-vak-verlag"],"_links":{"self":[{"href":"https:\/\/blog.journalismus-und-mehr.com\/index.php\/wp-json\/wp\/v2\/posts\/1015","targetHints":{"allow":["GET"]}}],"collection":[{"href":"https:\/\/blog.journalismus-und-mehr.com\/index.php\/wp-json\/wp\/v2\/posts"}],"about":[{"href":"https:\/\/blog.journalismus-und-mehr.com\/index.php\/wp-json\/wp\/v2\/types\/post"}],"author":[{"embeddable":true,"href":"https:\/\/blog.journalismus-und-mehr.com\/index.php\/wp-json\/wp\/v2\/users\/2"}],"replies":[{"embeddable":true,"href":"https:\/\/blog.journalismus-und-mehr.com\/index.php\/wp-json\/wp\/v2\/comments?post=1015"}],"version-history":[{"count":6,"href":"https:\/\/blog.journalismus-und-mehr.com\/index.php\/wp-json\/wp\/v2\/posts\/1015\/revisions"}],"predecessor-version":[{"id":1021,"href":"https:\/\/blog.journalismus-und-mehr.com\/index.php\/wp-json\/wp\/v2\/posts\/1015\/revisions\/1021"}],"wp:attachment":[{"href":"https:\/\/blog.journalismus-und-mehr.com\/index.php\/wp-json\/wp\/v2\/media?parent=1015"}],"wp:term":[{"taxonomy":"category","embeddable":true,"href":"https:\/\/blog.journalismus-und-mehr.com\/index.php\/wp-json\/wp\/v2\/categories?post=1015"},{"taxonomy":"post_tag","embeddable":true,"href":"https:\/\/blog.journalismus-und-mehr.com\/index.php\/wp-json\/wp\/v2\/tags?post=1015"}],"curies":[{"name":"wp","href":"https:\/\/api.w.org\/{rel}","templated":true}]}}